{"id":1006,"date":"2025-06-03T14:08:24","date_gmt":"2025-06-03T12:08:24","guid":{"rendered":"http:\/\/www.freibad-neubeckum.de\/wp\/?p=1006"},"modified":"2025-06-03T14:08:24","modified_gmt":"2025-06-03T12:08:24","slug":"freibadfest-am-19-06-2025","status":"publish","type":"post","link":"http:\/\/www.freibad-neubeckum.de\/wp\/?p=1006","title":{"rendered":"Freibadfest am 19.06.2025"},"content":{"rendered":"\n<p>Liebe Freundinnen und Freunde<br>unsere Freibades,<br>in diesem Jahr feiern wir ein besonderes Jubil\u00e4um:<br>Seit 85 Jahren ist das Freibad Neubeckum ein Ort der<br>Erholung, des Sports und der Begegnung. Unser F\u00f6rderverein<br>setzt sich seit Jahrzehnten mit Leidenschaft f\u00fcr den Erhalt<br>und die Weiterentwicklung dieser wichtigen Einrichtung ein \u2013<br>und das m\u00f6chten wir gemeinsam mit euch feiern!<br>Freut euch beim Freibadfest auf ein abwechslungsreiches<br>Programm, unter anderem auf die beeindruckende Darbietung<br>der Synchronschwimmerinnen der SV Bielefeld Brackwede.<br>Doch nicht nur am Festtag gibt es Grund zur Freude:<br>\u00dcber die gesamte Saison hinweg erwarten euch viele<br>tolle Veranstaltungen, darunter eine Schaumparty f\u00fcr Kinder<br>und Jugendliche, ein \u201eMermaiding-Tag\u201c sowie der Tag<br>der Grundschulen. Zum Saisonabschluss laden wir dann<br>zum Fr\u00fchschwimmer-Fr\u00fchst\u00fcck ein.<br>Gleichzeitig steht uns eine gro\u00dfe Ver\u00e4nderung bevor:<br>2026 bleibt das Freibad aufgrund einer umfangreichen<br>Sanierung geschlossen. Doch wir blicken mit Vorfreude<br>nach vorn, denn im Fr\u00fchjahr 2027 hei\u00dft es dann wieder:<br>\u201ePack die Badehose ein!\u201c<br>Ein herzliches Dankesch\u00f6n gilt dem gesamten B\u00e4derteam<br>f\u00fcr seinen unerm\u00fcdlichen Einsatz sowie der Stadt Beckum<br>f\u00fcr die stets gute und vertrauensvolle Zusammenarbeit.<br>Wir freuen uns auf eine tolle Saison mit euch!<br>Thomas Kleinekemper<br>Vorsitzender des F\u00f6rdervereins Freibad Neubeckum<br><br><\/p>\n\n\n\n<h2 class=\"wp-block-heading\">Programm<br><\/h2>\n\n\n\n<p><strong>ca. 10.30 <\/strong>Uhr Abschlussmesse der Fronleichnamsprozession<br><strong>11 \u2013 13<\/strong> Uhr Er\u00f6ffnung im Beisein des B\u00fcrgermeisters,<br>Sponsoren und Neubeckumer Vereinen<br>Musikalische Untermalung durch den<br>Spielmannszug Neubeckum (Foto)<br><strong>ab 13<\/strong> Uhr Darbietung<br>Sportvereinigung Brackwede e. V. (SVB),<br>Abteilung Schwimmen,<br>Sparte Synchronschwimmen (Foto)<br><strong>ab 15<\/strong> Uhr Tanzdarbietungen durch den<br>TSC-Rot-Gold e.V.<\/p>\n\n\n\n<div data-wp-interactive=\"core\/file\" class=\"wp-block-file\"><object data-wp-bind--hidden=\"!state.hasPdfPreview\"  class=\"wp-block-file__embed\" data=\"http:\/\/www.freibad-neubeckum.de\/wp\/wp-content\/uploads\/2025\/06\/Flyer-Seite-2.pdf\" type=\"application\/pdf\" style=\"width:100%;height:600px\" aria-label=\"Einbettung von Flyer-Seite-2.\"><\/object><a id=\"wp-block-file--media-028288f3-4640-4135-b7c3-7ff4ef460f1f\" href=\"http:\/\/www.freibad-neubeckum.de\/wp\/wp-content\/uploads\/2025\/06\/Flyer-Seite-2.pdf\">Flyer-Seite-2<\/a><a href=\"http:\/\/www.freibad-neubeckum.de\/wp\/wp-content\/uploads\/2025\/06\/Flyer-Seite-2.pdf\" class=\"wp-block-file__button wp-element-button\" download aria-describedby=\"wp-block-file--media-028288f3-4640-4135-b7c3-7ff4ef460f1f\">Herunterladen<\/a><\/div>\n\n\n\n<h2 class=\"wp-block-heading\"><br><\/h2>\n","protected":false},"excerpt":{"rendered":"<p>Liebe Freundinnen und Freundeunsere Freibades,in diesem Jahr feiern wir ein besonderes Jubil\u00e4um:Seit 85 Jahren ist das Freibad Neubeckum ein Ort derErholung, des Sports und der Begegnung. Unser F\u00f6rdervereinsetzt sich seit Jahrzehnten mit Leidenschaft f\u00fcr den Erhaltund die Weiterentwicklung dieser wichtigen Einrichtung ein \u2013und das m\u00f6chten wir gemeinsam mit euch feiern!Freut euch beim Freibadfest auf ein abwechslungsreichesProgramm, unter anderem auf die beeindruckende Darbietungder Synchronschwimmerinnen der SV Bielefeld Brackwede.Doch nicht nur am Festtag gibt es Grund zur Freude:\u00dcber die gesamte Saison hinweg&#8230;<\/p>\n<p class=\"read-more\"><a class=\"btn btn-default\" href=\"http:\/\/www.freibad-neubeckum.de\/wp\/?p=1006\">Weiterlesen<span class=\"screen-reader-text\"> Weiterlesen<\/span><\/a><\/p>\n","protected":false},"author":1,"featured_media":0,"comment_status":"closed","ping_status":"open","sticky":false,"template":"","format":"standard","meta":{"footnotes":""},"categories":[1],"tags":[],"_links":{"self":[{"href":"http:\/\/www.freibad-neubeckum.de\/wp\/index.php?rest_route=\/wp\/v2\/posts\/1006"}],"collection":[{"href":"http:\/\/www.freibad-neubeckum.de\/wp\/index.php?rest_route=\/wp\/v2\/posts"}],"about":[{"href":"http:\/\/www.freibad-neubeckum.de\/wp\/index.php?rest_route=\/wp\/v2\/types\/post"}],"author":[{"embeddable":true,"href":"http:\/\/www.freibad-neubeckum.de\/wp\/index.php?rest_route=\/wp\/v2\/users\/1"}],"replies":[{"embeddable":true,"href":"http:\/\/www.freibad-neubeckum.de\/wp\/index.php?rest_route=%2Fwp%2Fv2%2Fcomments&post=1006"}],"version-history":[{"count":1,"href":"http:\/\/www.freibad-neubeckum.de\/wp\/index.php?rest_route=\/wp\/v2\/posts\/1006\/revisions"}],"predecessor-version":[{"id":1008,"href":"http:\/\/www.freibad-neubeckum.de\/wp\/index.php?rest_route=\/wp\/v2\/posts\/1006\/revisions\/1008"}],"wp:attachment":[{"href":"http:\/\/www.freibad-neubeckum.de\/wp\/index.php?rest_route=%2Fwp%2Fv2%2Fmedia&parent=1006"}],"wp:term":[{"taxonomy":"category","embeddable":true,"href":"http:\/\/www.freibad-neubeckum.de\/wp\/index.php?rest_route=%2Fwp%2Fv2%2Fcategories&post=1006"},{"taxonomy":"post_tag","embeddable":true,"href":"http:\/\/www.freibad-neubeckum.de\/wp\/index.php?rest_route=%2Fwp%2Fv2%2Ftags&post=1006"}],"curies":[{"name":"wp","href":"https:\/\/api.w.org\/{rel}","templated":true}]}}