{"id":129,"date":"2014-05-01T18:34:54","date_gmt":"2014-05-01T16:34:54","guid":{"rendered":"http:\/\/www.freibad-neubeckum.de\/wp\/?p=129"},"modified":"2014-05-01T18:34:54","modified_gmt":"2014-05-01T16:34:54","slug":"foerderverein-freibad-erhaelt-spendenscheck","status":"publish","type":"post","link":"http:\/\/www.freibad-neubeckum.de\/wp\/?p=129","title":{"rendered":"F\u00f6rderverein Freibad erh\u00e4lt Spendenscheck"},"content":{"rendered":"<p>Neubeckum (himm). Es war ein sch\u00f6ner und trauriger Anlass zugleich. Am Sonntag \u00fcbergab Robert Linnemann, letzter Erster Vorsitzender des F\u00f6rdervereins \u201eHaus des B\u00fcrgers\u201c, im Rahmen der Einweihung der neuen Wasserrutsche im Neubeckumer Freibad, das Restverm\u00f6gen des Vereins in H\u00f6he von 3620, 26 Euro als Spende an den Vorsitzenden des F\u00f6rdervereins Freibad Neubeckum, Thomas Kleinekemper. Vor mehr als einem Jahrzehnt hatte sich der F\u00f6rderverein &#8222;Haus des B\u00fcrgers&#8220;gegr\u00fcndet, um f\u00fcr Neubeckumer Vereine und Gruppierungen einen Festplatz zu errichten. Auch ein Vereinshaus geh\u00f6rte zum Projekt, das f\u00fcr private Feiern genutzt werden konnte. Zahlreiche Musikveranstaltungen lockten jahrelang alle Generationen an. Doch am 16. Dezember 2011 musste der Beschluss zur Aufl\u00f6sung des Vereins gefasst werden. Das Restverm\u00f6gen musste einem karitativen Zweck zugef\u00fchrt werden. So sah es die Satzung des eingetragenen Vereins vor. Nutznie\u00dfer ist wie bei der Gr\u00fcndung beschlossen, nun der F\u00f6rderverein Freibad Neubeckum.<\/p>\n<p><a href=\"http:\/\/www.freibad-neubeckum.de\/wp\/wp-content\/uploads\/2014\/05\/Einweihung_neue_Wasserrutsche_Nb_4.jpg\"><img loading=\"lazy\" decoding=\"async\" class=\"alignnone size-medium wp-image-130\" src=\"http:\/\/www.freibad-neubeckum.de\/wp\/wp-content\/uploads\/2014\/05\/Einweihung_neue_Wasserrutsche_Nb_4-300x200.jpg\" alt=\"Einweihung_neue_Wasserrutsche_Nb_4\" width=\"300\" height=\"200\" srcset=\"http:\/\/www.freibad-neubeckum.de\/wp\/wp-content\/uploads\/2014\/05\/Einweihung_neue_Wasserrutsche_Nb_4-300x200.jpg 300w, http:\/\/www.freibad-neubeckum.de\/wp\/wp-content\/uploads\/2014\/05\/Einweihung_neue_Wasserrutsche_Nb_4-150x100.jpg 150w, http:\/\/www.freibad-neubeckum.de\/wp\/wp-content\/uploads\/2014\/05\/Einweihung_neue_Wasserrutsche_Nb_4-400x267.jpg 400w, http:\/\/www.freibad-neubeckum.de\/wp\/wp-content\/uploads\/2014\/05\/Einweihung_neue_Wasserrutsche_Nb_4.jpg 800w\" sizes=\"(max-width: 300px) 100vw, 300px\" \/><\/a><\/p>\n<p>Unser Bild zeigt (v.l.) Detlef Strauhal, Birgit Krogmeier, Robert Linnemann (alle ehemalige Vorstandsmitglieder des F\u00f6rdervereins \u201eHaus des B\u00fcrgers\u201c), Thomas Kleinekemper, Vorsitzender des F\u00f6rdervereins Freibad Neubeckum, Joachim M\u00fccke sowie Heinz Staratzke (beide ehemalige Vorstandsmitglieder F\u00f6rderverein \u201eHaus des B\u00fcrgers\u201c) bei der Spenden\u00fcbergabe.<\/p>\n","protected":false},"excerpt":{"rendered":"<p>Neubeckum (himm). Es war ein sch\u00f6ner und trauriger Anlass zugleich. Am Sonntag \u00fcbergab Robert Linnemann, letzter Erster Vorsitzender des F\u00f6rdervereins \u201eHaus des B\u00fcrgers\u201c, im Rahmen der Einweihung der neuen Wasserrutsche im Neubeckumer Freibad, das Restverm\u00f6gen des Vereins in H\u00f6he von 3620, 26 Euro als Spende an den Vorsitzenden des F\u00f6rdervereins Freibad Neubeckum, Thomas Kleinekemper. Vor mehr als einem Jahrzehnt hatte sich der F\u00f6rderverein &#8222;Haus des B\u00fcrgers&#8220;gegr\u00fcndet, um f\u00fcr Neubeckumer Vereine und Gruppierungen einen Festplatz zu errichten. Auch ein Vereinshaus geh\u00f6rte&#8230;<\/p>\n<p class=\"read-more\"><a class=\"btn btn-default\" href=\"http:\/\/www.freibad-neubeckum.de\/wp\/?p=129\">Weiterlesen<span class=\"screen-reader-text\"> Weiterlesen<\/span><\/a><\/p>\n","protected":false},"author":1,"featured_media":0,"comment_status":"closed","ping_status":"open","sticky":false,"template":"","format":"standard","meta":{"footnotes":""},"categories":[1],"tags":[],"_links":{"self":[{"href":"http:\/\/www.freibad-neubeckum.de\/wp\/index.php?rest_route=\/wp\/v2\/posts\/129"}],"collection":[{"href":"http:\/\/www.freibad-neubeckum.de\/wp\/index.php?rest_route=\/wp\/v2\/posts"}],"about":[{"href":"http:\/\/www.freibad-neubeckum.de\/wp\/index.php?rest_route=\/wp\/v2\/types\/post"}],"author":[{"embeddable":true,"href":"http:\/\/www.freibad-neubeckum.de\/wp\/index.php?rest_route=\/wp\/v2\/users\/1"}],"replies":[{"embeddable":true,"href":"http:\/\/www.freibad-neubeckum.de\/wp\/index.php?rest_route=%2Fwp%2Fv2%2Fcomments&post=129"}],"version-history":[{"count":1,"href":"http:\/\/www.freibad-neubeckum.de\/wp\/index.php?rest_route=\/wp\/v2\/posts\/129\/revisions"}],"predecessor-version":[{"id":131,"href":"http:\/\/www.freibad-neubeckum.de\/wp\/index.php?rest_route=\/wp\/v2\/posts\/129\/revisions\/131"}],"wp:attachment":[{"href":"http:\/\/www.freibad-neubeckum.de\/wp\/index.php?rest_route=%2Fwp%2Fv2%2Fmedia&parent=129"}],"wp:term":[{"taxonomy":"category","embeddable":true,"href":"http:\/\/www.freibad-neubeckum.de\/wp\/index.php?rest_route=%2Fwp%2Fv2%2Fcategories&post=129"},{"taxonomy":"post_tag","embeddable":true,"href":"http:\/\/www.freibad-neubeckum.de\/wp\/index.php?rest_route=%2Fwp%2Fv2%2Ftags&post=129"}],"curies":[{"name":"wp","href":"https:\/\/api.w.org\/{rel}","templated":true}]}}