{"id":339,"date":"2015-04-30T16:23:20","date_gmt":"2015-04-30T15:23:20","guid":{"rendered":"http:\/\/www.freibad-neubeckum.de\/wp\/?p=339"},"modified":"2015-04-30T17:46:19","modified_gmt":"2015-04-30T15:46:19","slug":"eroeffnungstermin-steht-noch-nicht-fest-75-jahre-freibad-neubeckum-ein-grund-zu-feiern","status":"publish","type":"post","link":"http:\/\/www.freibad-neubeckum.de\/wp\/?p=339","title":{"rendered":"Er\u00f6ffnungstermin steht noch nicht fest ."},"content":{"rendered":"<p><strong>75 Jahre Freibad Neubeckum: ein Grund zu feiern<\/strong><br \/>\n*Neubeckum* (himm). Im Neubeckumer Freibad stehen die Zeichen auf Er\u00f6ffnung der Badesaison. Am kommenden Montag, wenn die Wetterverh\u00e4ltnisse f\u00fcr Anfang Mai gekl\u00e4rt sind, hat B\u00fcrgermeister Dr. Karl-Uwe Strothmann das letzte Wort, wann die Pforten ge\u00f6ffnet werden. Kaum zu glauben, aber die \u201ealte Dame\u201c Freibad hat 75 Lenze auf dem Buckel. Daf\u00fcr hat sie sich wahrlich gut gehalten. Nicht zuletzt Dank der guten Pflege durch das B\u00e4derteam und zahlreicher ehrenamtlich t\u00e4tiger B\u00fcrger. Auch der F\u00f6rderverein Freibad Neubeckum darf nicht vergessen werden, der erst in ein neues Sonnensegel f\u00fcr das Kinderplantschbecken investiert hat. Im kommenden Jahr soll eine neue Rutsche f\u00fcr das Nichtschwimmerbecken eingeweiht werden. Die Planungen in Kooperation mit der Stadt Beckum laufen auf Hochtouren. \u201eIn der Bev\u00f6lkerung hat das Bad einen hohen Stellenwert\u201c, stellte Holger Klaes fest. \u201eTrotz wechselhaften Wetters besuchten im vergangenen Jahr 46\u2005173 B\u00fcrger das Freibad, eine ordentliche Zahl\u201c, zeigte sich der K\u00e4mmerer der Stadt Beckum zufrieden. In Beckum waren es 30\u2005598, was wohl der verk\u00fcrzten Badesaison aufgrund von Contractingma\u00dfnahmen geschuldet war. 75 Jahre Freibad Neubeckum werden geb\u00fchrend gefeiert. Den Auftakt macht der F\u00f6rderverein mit seinem Freibadfest am 14. Juni. Der D\u00e4mmerschoppen zum Ausklang wird dieses Mal musikalisch von der Neubeckumer Nachwuchsband \u201eThe Bluesanovas\u201c gestaltet. Am 7. Juli folgt eine Sommer-Pool-Party, organisiert von der Eventagentur Zephrus: \u201eDie Veranstaltung ist f\u00fcr den F\u00f6rderverein und den Eigenbetrieb Energie und B\u00e4der dank gro\u00dfz\u00fcgiger Spenden seitens der Volksbank Oelde-Ennigerloh-Neubeckum, der Sparkasse Beckum-Wadersloh und der Hilde-Fuest-Stiftung kostenneutral, erkl\u00e4rte Mechthild B\u00fcrsmeier vom F\u00f6rderverein erfreut. Doch zun\u00e4chst verkaufen Mitglieder des F\u00f6rdervereins am 30. April und 8. Mai Saisonkarten auf dem Neubeckumer Wochenmarkt. F\u00fcr das Langstreckenschwimmen w\u00fcnscht sich auch Vorsitzender Thomas Kleinekemper mindestens 75 Teilnehmer. F\u00fcr alle, die gern durch den Kanal der gro\u00dfen Rutsche sausen, gibt es eine gute Nachricht: \u201e20 Jahre Eintritt sind genug\u201c, zog Mechthild B\u00fcrsmeier eine Bilanz. Ab jetzt sei das Rutschen kostenlos. W\u00e4hrend der kompletten Saison gibt immer wieder Sonderveranstaltungen f\u00fcr die Besucher. Je nach Wetterlage findet ein Luftballonwettbewerb statt, ein Baby- und Kleinkinderschwimmen mit Schnullerbaum, Nachtschwimmen, Wassergymnastik und Aquafitness. \u00d6ffnungszeiten und Eintrittsgelder sind unver\u00e4ndert.<br \/>\n<a href=\"http:\/\/www.freibad-neubeckum.de\/wp\/?attachment_id=340\"><img decoding=\"async\" class=\" size-medium wp-image-340 aligncenter\" src=\"http:\/\/www.freibad-neubeckum.de\/wp\/wp-content\/uploads\/2015\/04\/Ankuendigung_75_Jahre_Freibad_Neubeckum_2-300x207.jpg\" alt=\"\" width=\"300px\" height=\"207px\" srcset=\"http:\/\/www.freibad-neubeckum.de\/wp\/wp-content\/uploads\/2015\/04\/Ankuendigung_75_Jahre_Freibad_Neubeckum_2-300x207.jpg 300w, http:\/\/www.freibad-neubeckum.de\/wp\/wp-content\/uploads\/2015\/04\/Ankuendigung_75_Jahre_Freibad_Neubeckum_2-150x104.jpg 150w, http:\/\/www.freibad-neubeckum.de\/wp\/wp-content\/uploads\/2015\/04\/Ankuendigung_75_Jahre_Freibad_Neubeckum_2-400x276.jpg 400w, http:\/\/www.freibad-neubeckum.de\/wp\/wp-content\/uploads\/2015\/04\/Ankuendigung_75_Jahre_Freibad_Neubeckum_2.jpg 800w\" sizes=\"(max-width: 300px) 100vw, 300px\" \/><\/a><br \/>\n*Aus Anlass des 75. Geburtstags* des Freibads Neubeckum findet eine Sommer-Pool-Party statt, der (v. l.) Cornelia Becker und Holger Klaes (beide Stadt Beckum), Hilde Fuest (Hilde-Fuest-Stiftung), J\u00f6rn Volkmann (Sparkasse Beckum-Wadersloh), Ralf B\u00f6ckenholt (Volksbank Oelde-Ennigerloh-Neubeckum), Mechthild B\u00fcrsmeier und Thomas Kleinekemper (beide F\u00f6rderverein Freibad Neubeckum) schon gespannt entgegen sehen. Bild: Sigrid Himmel<\/p>\n","protected":false},"excerpt":{"rendered":"<p>75 Jahre Freibad Neubeckum: ein Grund zu feiern *Neubeckum* (himm). Im Neubeckumer Freibad stehen die Zeichen auf Er\u00f6ffnung der Badesaison. Am kommenden Montag, wenn die Wetterverh\u00e4ltnisse f\u00fcr Anfang Mai gekl\u00e4rt sind, hat B\u00fcrgermeister Dr. Karl-Uwe Strothmann das letzte Wort, wann die Pforten ge\u00f6ffnet werden. Kaum zu glauben, aber die \u201ealte Dame\u201c Freibad hat 75 Lenze auf dem Buckel. Daf\u00fcr hat sie sich wahrlich gut gehalten. Nicht zuletzt Dank der guten Pflege durch das B\u00e4derteam und zahlreicher ehrenamtlich t\u00e4tiger B\u00fcrger. Auch&#8230;<\/p>\n<p class=\"read-more\"><a class=\"btn btn-default\" href=\"http:\/\/www.freibad-neubeckum.de\/wp\/?p=339\">Weiterlesen<span class=\"screen-reader-text\"> Weiterlesen<\/span><\/a><\/p>\n","protected":false},"author":1,"featured_media":0,"comment_status":"closed","ping_status":"open","sticky":false,"template":"","format":"standard","meta":{"footnotes":""},"categories":[1],"tags":[],"_links":{"self":[{"href":"http:\/\/www.freibad-neubeckum.de\/wp\/index.php?rest_route=\/wp\/v2\/posts\/339"}],"collection":[{"href":"http:\/\/www.freibad-neubeckum.de\/wp\/index.php?rest_route=\/wp\/v2\/posts"}],"about":[{"href":"http:\/\/www.freibad-neubeckum.de\/wp\/index.php?rest_route=\/wp\/v2\/types\/post"}],"author":[{"embeddable":true,"href":"http:\/\/www.freibad-neubeckum.de\/wp\/index.php?rest_route=\/wp\/v2\/users\/1"}],"replies":[{"embeddable":true,"href":"http:\/\/www.freibad-neubeckum.de\/wp\/index.php?rest_route=%2Fwp%2Fv2%2Fcomments&post=339"}],"version-history":[{"count":2,"href":"http:\/\/www.freibad-neubeckum.de\/wp\/index.php?rest_route=\/wp\/v2\/posts\/339\/revisions"}],"predecessor-version":[{"id":352,"href":"http:\/\/www.freibad-neubeckum.de\/wp\/index.php?rest_route=\/wp\/v2\/posts\/339\/revisions\/352"}],"wp:attachment":[{"href":"http:\/\/www.freibad-neubeckum.de\/wp\/index.php?rest_route=%2Fwp%2Fv2%2Fmedia&parent=339"}],"wp:term":[{"taxonomy":"category","embeddable":true,"href":"http:\/\/www.freibad-neubeckum.de\/wp\/index.php?rest_route=%2Fwp%2Fv2%2Fcategories&post=339"},{"taxonomy":"post_tag","embeddable":true,"href":"http:\/\/www.freibad-neubeckum.de\/wp\/index.php?rest_route=%2Fwp%2Fv2%2Ftags&post=339"}],"curies":[{"name":"wp","href":"https:\/\/api.w.org\/{rel}","templated":true}]}}