{"id":356,"date":"2015-06-07T10:55:29","date_gmt":"2015-06-07T08:55:29","guid":{"rendered":"http:\/\/www.freibad-neubeckum.de\/wp\/?p=356"},"modified":"2015-06-07T10:55:29","modified_gmt":"2015-06-07T08:55:29","slug":"schnullerbaum-aktion","status":"publish","type":"post","link":"http:\/\/www.freibad-neubeckum.de\/wp\/?p=356","title":{"rendered":"Schnullerbaum-Aktion"},"content":{"rendered":"<p class=\"bodytext\"><b>W\u00e4hrend des Freibadfests am 14. Juni in Neubeckum k\u00f6nnen Kinder ihren Schnuller in den Schnullerbaum h\u00e4ngen. <\/b><\/p>\n<p class=\"bodytext\">Die Aktion vom F\u00f6rderverein Freibad Neubeckum e. V. startet um 15 Uhr. Jedes Kind, das sich traut, sich von seinem Schnuller zu verabschieden, bekommt ein Zertifikat und ein Geschenk. Die M\u00f6glichkeit, den Schnuller in den Baum im Eingangsbereich zu h\u00e4ngen, besteht bis zum Ende der Saison.<br \/>\nDas Freibadfest, bei dem das Bad auch sein 75-j\u00e4hriges Bestehen feiert, startet um 11 Uhr mit einem Fr\u00fchschoppen unter musikalischer Begleitung des Spielmannszugs Hellbach. Die Kinder und Jugendlichen des TSC Rot-Gold e.\u00a0V. zeigen ihr t\u00e4nzerisches K\u00f6nnen. Beim D\u00e4mmerschoppen spielt die Band \u201eThe Bluesanovas\u201d. Der Eintritt ist an diesem Tag frei. Das Freibad \u00f6ffnet um 9 Uhr.<\/p>\n<div class=\"news-single-img\"><a title=\"Auf dem Arm seiner Mutter Maren Sudholt verabschiedet sich der zweij\u00e4hrige Lauris von seinem Schnuller. \n\" href=\"http:\/\/www.beckum.de\/typo3temp\/pics\/f7612d75f2.jpg\" rel=\"lightbox[lb316]\"><img loading=\"lazy\" decoding=\"async\" title=\"Auf dem Arm seiner Mutter Maren Sudholt verabschiedet sich der zweij\u00e4hrige Lauris von seinem Schnuller.\" src=\"http:\/\/www.beckum.de\/typo3temp\/pics\/640f6926f8.jpg\" alt=\"\" width=\"240\" height=\"180\" border=\"0\" \/><\/a><\/p>\n<p class=\"news-single-imgcaption\">Auf dem Arm seiner Mutter Maren Sudholt verabschiedet sich der zweij\u00e4hrige Lauris von seinem Schnuller.<\/p>\n<p><a title=\"Werben f\u00fcr das Freibadfest und den Schnullerbaum (v.l.n.r.) Mechtild B\u00fcrsmeier-Nauert, F\u00f6rderverein Freibad Neubeckum e. V., Lennart, Maren und Lauris Sudholt sowie Cornelia Becker, Eigenbetrieb Energieversorgung und B\u00e4der der Stadt Beckum.\n\" href=\"http:\/\/www.beckum.de\/typo3temp\/pics\/2ebc93ad1c.jpg\" rel=\"lightbox[lb316]\"><img loading=\"lazy\" decoding=\"async\" title=\"Werben f\u00fcr das Freibadfest und den Schnullerbaum (v.l.n.r.) Mechtild B\u00fcrsmeier-Nauert, F\u00f6rderverein Freibad Neubeckum e. V., Lennart, Maren und Lauris Sudholt sowie Cornelia Becker, Eigenbetrieb Energieversorgung und B\u00e4der der Stadt Beckum.\" src=\"http:\/\/www.beckum.de\/typo3temp\/pics\/895148be47.jpg\" alt=\"\" width=\"240\" height=\"180\" border=\"0\" \/><\/a><\/p>\n<p class=\"news-single-imgcaption\">Werben f\u00fcr das Freibadfest und den Schnullerbaum (v.l.n.r.) Mechtild B\u00fcrsmeier-Nauert, F\u00f6rderverein Freibad Neubeckum e. V., Lennart, Maren und Lauris Sudholt sowie Cornelia Becker, Eigenbetrieb Energieversorgung und B\u00e4der der Stadt Beckum.<\/p>\n<p>Quelle: <a href=\"http:\/\/www.beckum.de\/21.html?&amp;tx_ttnews[tt_news]=316&amp;cHash=5e7aabb6ca7fbd01d6e1d03d6b0dea20\">Stadt Beckum<\/a><\/p>\n<\/div>\n","protected":false},"excerpt":{"rendered":"<p>W\u00e4hrend des Freibadfests am 14. Juni in Neubeckum k\u00f6nnen Kinder ihren Schnuller in den Schnullerbaum h\u00e4ngen. Die Aktion vom F\u00f6rderverein Freibad Neubeckum e. V. startet um 15 Uhr. Jedes Kind, das sich traut, sich von seinem Schnuller zu verabschieden, bekommt ein Zertifikat und ein Geschenk. Die M\u00f6glichkeit, den Schnuller in den Baum im Eingangsbereich zu h\u00e4ngen, besteht bis zum Ende der Saison. Das Freibadfest, bei dem das Bad auch sein 75-j\u00e4hriges Bestehen feiert, startet um 11 Uhr mit einem Fr\u00fchschoppen&#8230;<\/p>\n<p class=\"read-more\"><a class=\"btn btn-default\" href=\"http:\/\/www.freibad-neubeckum.de\/wp\/?p=356\">Weiterlesen<span class=\"screen-reader-text\"> Weiterlesen<\/span><\/a><\/p>\n","protected":false},"author":1,"featured_media":0,"comment_status":"closed","ping_status":"open","sticky":false,"template":"","format":"standard","meta":{"footnotes":""},"categories":[1,3],"tags":[],"_links":{"self":[{"href":"http:\/\/www.freibad-neubeckum.de\/wp\/index.php?rest_route=\/wp\/v2\/posts\/356"}],"collection":[{"href":"http:\/\/www.freibad-neubeckum.de\/wp\/index.php?rest_route=\/wp\/v2\/posts"}],"about":[{"href":"http:\/\/www.freibad-neubeckum.de\/wp\/index.php?rest_route=\/wp\/v2\/types\/post"}],"author":[{"embeddable":true,"href":"http:\/\/www.freibad-neubeckum.de\/wp\/index.php?rest_route=\/wp\/v2\/users\/1"}],"replies":[{"embeddable":true,"href":"http:\/\/www.freibad-neubeckum.de\/wp\/index.php?rest_route=%2Fwp%2Fv2%2Fcomments&post=356"}],"version-history":[{"count":1,"href":"http:\/\/www.freibad-neubeckum.de\/wp\/index.php?rest_route=\/wp\/v2\/posts\/356\/revisions"}],"predecessor-version":[{"id":357,"href":"http:\/\/www.freibad-neubeckum.de\/wp\/index.php?rest_route=\/wp\/v2\/posts\/356\/revisions\/357"}],"wp:attachment":[{"href":"http:\/\/www.freibad-neubeckum.de\/wp\/index.php?rest_route=%2Fwp%2Fv2%2Fmedia&parent=356"}],"wp:term":[{"taxonomy":"category","embeddable":true,"href":"http:\/\/www.freibad-neubeckum.de\/wp\/index.php?rest_route=%2Fwp%2Fv2%2Fcategories&post=356"},{"taxonomy":"post_tag","embeddable":true,"href":"http:\/\/www.freibad-neubeckum.de\/wp\/index.php?rest_route=%2Fwp%2Fv2%2Ftags&post=356"}],"curies":[{"name":"wp","href":"https:\/\/api.w.org\/{rel}","templated":true}]}}