{"id":468,"date":"2017-05-13T08:30:07","date_gmt":"2017-05-13T06:30:07","guid":{"rendered":"http:\/\/www.freibad-neubeckum.de\/wp\/?p=468"},"modified":"2017-05-13T08:31:45","modified_gmt":"2017-05-13T06:31:45","slug":"freiluftsaison-im-neubeckumer-freibad-beginnt-am-14-mai","status":"publish","type":"post","link":"http:\/\/www.freibad-neubeckum.de\/wp\/?p=468","title":{"rendered":"Freibadsaison in Neubeckum beginnt am 14. Mai"},"content":{"rendered":"<p>Neubeckum (himm). \u201eAlles ist blitzeblank!\u201c, versichert Hubert Eickholdt vom Vorstand des F\u00f6rdervereins Freibad Neubeckum.\u00a0 Dann kann es ja endlich losgehen mit der Freiluftsaison im Neubeckumer Freibad. Denn das B\u00e4derteam um Ingo Schwaer und der F\u00f6rderverein haben sich m\u00e4chtig ins Zeug gelegt, damit der Startschuss in die Badesaison, am Sonntag, dem 14. Mai, f\u00fcr alle kleinen und gro\u00dfen Schwimmfreunde\u00a0 zum erfrischenden Vergn\u00fcgen wird. Um 9.00 Uhr \u00f6ffnet sich das Tor zum Sportbad an der Graf-Galen-Stra\u00dfe. Das Zeichen zum ersten Sprung ins k\u00fchle Nass gibt Keven Klemm, Vorsitzender des Schwimmvereins Undine Neubeckum seinen Mitgliedern um 10 Uhr.\u00a0 In diesem Jahr haben sich die Schwimmer f\u00fcr das Motto: \u201e1. Mai verpennt &#8211; Komm im Schlafanzug\u201c entschieden. Gemeinsam mit Mitgliedern der Beckumer SG tischen die Undiner zudem auch Allerlei f\u00fcrs leibliche Wohl auf. Alle Freunde des Schwimmsports und des Neubeckumer Schmuckk\u00e4stchens sind am Muttertag bei freiem Eintritt herzlich willkommen. Das offizielle Freibadfest findet am 15. Juni (Fronleichnam) statt \u2013 mit einem bunten Programm, leckeren Kuchen, W\u00fcrstchen und Pommes.<\/p>\n<p><img loading=\"lazy\" decoding=\"async\" class=\"alignnone size-medium wp-image-469\" src=\"http:\/\/www.freibad-neubeckum.de\/wp\/wp-content\/uploads\/2017\/05\/Arbeit_Freibadfest_2016__6910-300x200.jpg\" alt=\"Arbeit_Freibadfest_2016__6910\" width=\"300\" height=\"200\" srcset=\"http:\/\/www.freibad-neubeckum.de\/wp\/wp-content\/uploads\/2017\/05\/Arbeit_Freibadfest_2016__6910-300x200.jpg 300w, http:\/\/www.freibad-neubeckum.de\/wp\/wp-content\/uploads\/2017\/05\/Arbeit_Freibadfest_2016__6910-768x512.jpg 768w, http:\/\/www.freibad-neubeckum.de\/wp\/wp-content\/uploads\/2017\/05\/Arbeit_Freibadfest_2016__6910-150x100.jpg 150w, http:\/\/www.freibad-neubeckum.de\/wp\/wp-content\/uploads\/2017\/05\/Arbeit_Freibadfest_2016__6910-400x267.jpg 400w, http:\/\/www.freibad-neubeckum.de\/wp\/wp-content\/uploads\/2017\/05\/Arbeit_Freibadfest_2016__6910.jpg 800w\" sizes=\"(max-width: 300px) 100vw, 300px\" \/> <img loading=\"lazy\" decoding=\"async\" class=\"alignnone size-medium wp-image-470\" src=\"http:\/\/www.freibad-neubeckum.de\/wp\/wp-content\/uploads\/2017\/05\/Poolparty_1-300x200.jpg\" alt=\"Poolparty_1\" width=\"300\" height=\"200\" srcset=\"http:\/\/www.freibad-neubeckum.de\/wp\/wp-content\/uploads\/2017\/05\/Poolparty_1-300x200.jpg 300w, http:\/\/www.freibad-neubeckum.de\/wp\/wp-content\/uploads\/2017\/05\/Poolparty_1-768x512.jpg 768w, http:\/\/www.freibad-neubeckum.de\/wp\/wp-content\/uploads\/2017\/05\/Poolparty_1-150x100.jpg 150w, http:\/\/www.freibad-neubeckum.de\/wp\/wp-content\/uploads\/2017\/05\/Poolparty_1-400x267.jpg 400w, http:\/\/www.freibad-neubeckum.de\/wp\/wp-content\/uploads\/2017\/05\/Poolparty_1.jpg 800w\" sizes=\"(max-width: 300px) 100vw, 300px\" \/> <img loading=\"lazy\" decoding=\"async\" class=\"alignnone size-medium wp-image-471\" src=\"http:\/\/www.freibad-neubeckum.de\/wp\/wp-content\/uploads\/2017\/05\/Wasser_Kibaz_Don_Bosco_mit_Schwimmvereinen_8_a-300x218.jpg\" alt=\"Wasser_Kibaz_Don_Bosco_mit_Schwimmvereinen_8_a\" width=\"300\" height=\"218\" srcset=\"http:\/\/www.freibad-neubeckum.de\/wp\/wp-content\/uploads\/2017\/05\/Wasser_Kibaz_Don_Bosco_mit_Schwimmvereinen_8_a-300x218.jpg 300w, http:\/\/www.freibad-neubeckum.de\/wp\/wp-content\/uploads\/2017\/05\/Wasser_Kibaz_Don_Bosco_mit_Schwimmvereinen_8_a-768x558.jpg 768w, http:\/\/www.freibad-neubeckum.de\/wp\/wp-content\/uploads\/2017\/05\/Wasser_Kibaz_Don_Bosco_mit_Schwimmvereinen_8_a-150x109.jpg 150w, http:\/\/www.freibad-neubeckum.de\/wp\/wp-content\/uploads\/2017\/05\/Wasser_Kibaz_Don_Bosco_mit_Schwimmvereinen_8_a-400x291.jpg 400w, http:\/\/www.freibad-neubeckum.de\/wp\/wp-content\/uploads\/2017\/05\/Wasser_Kibaz_Don_Bosco_mit_Schwimmvereinen_8_a.jpg 800w\" sizes=\"(max-width: 300px) 100vw, 300px\" \/><\/p>\n<p>Bilder: Am Sonntag f\u00e4llt der Startschuss in die Freibadsaison. Das Neubeckumer Sportbad hat sich herausgeputzt und l\u00e4dt zum Schwimmen und Toben ein.<\/p>\n","protected":false},"excerpt":{"rendered":"<p>Neubeckum (himm). \u201eAlles ist blitzeblank!\u201c, versichert Hubert Eickholdt vom Vorstand des F\u00f6rdervereins Freibad Neubeckum.\u00a0 Dann kann es ja endlich losgehen mit der Freiluftsaison im Neubeckumer Freibad. Denn das B\u00e4derteam um Ingo Schwaer und der F\u00f6rderverein haben sich m\u00e4chtig ins Zeug gelegt, damit der Startschuss in die Badesaison, am Sonntag, dem 14. Mai, f\u00fcr alle kleinen und gro\u00dfen Schwimmfreunde\u00a0 zum erfrischenden Vergn\u00fcgen wird. Um 9.00 Uhr \u00f6ffnet sich das Tor zum Sportbad an der Graf-Galen-Stra\u00dfe. Das Zeichen zum ersten Sprung ins&#8230;<\/p>\n<p class=\"read-more\"><a class=\"btn btn-default\" href=\"http:\/\/www.freibad-neubeckum.de\/wp\/?p=468\">Weiterlesen<span class=\"screen-reader-text\"> Weiterlesen<\/span><\/a><\/p>\n","protected":false},"author":1,"featured_media":0,"comment_status":"closed","ping_status":"open","sticky":false,"template":"","format":"standard","meta":{"footnotes":""},"categories":[1],"tags":[],"_links":{"self":[{"href":"http:\/\/www.freibad-neubeckum.de\/wp\/index.php?rest_route=\/wp\/v2\/posts\/468"}],"collection":[{"href":"http:\/\/www.freibad-neubeckum.de\/wp\/index.php?rest_route=\/wp\/v2\/posts"}],"about":[{"href":"http:\/\/www.freibad-neubeckum.de\/wp\/index.php?rest_route=\/wp\/v2\/types\/post"}],"author":[{"embeddable":true,"href":"http:\/\/www.freibad-neubeckum.de\/wp\/index.php?rest_route=\/wp\/v2\/users\/1"}],"replies":[{"embeddable":true,"href":"http:\/\/www.freibad-neubeckum.de\/wp\/index.php?rest_route=%2Fwp%2Fv2%2Fcomments&post=468"}],"version-history":[{"count":2,"href":"http:\/\/www.freibad-neubeckum.de\/wp\/index.php?rest_route=\/wp\/v2\/posts\/468\/revisions"}],"predecessor-version":[{"id":473,"href":"http:\/\/www.freibad-neubeckum.de\/wp\/index.php?rest_route=\/wp\/v2\/posts\/468\/revisions\/473"}],"wp:attachment":[{"href":"http:\/\/www.freibad-neubeckum.de\/wp\/index.php?rest_route=%2Fwp%2Fv2%2Fmedia&parent=468"}],"wp:term":[{"taxonomy":"category","embeddable":true,"href":"http:\/\/www.freibad-neubeckum.de\/wp\/index.php?rest_route=%2Fwp%2Fv2%2Fcategories&post=468"},{"taxonomy":"post_tag","embeddable":true,"href":"http:\/\/www.freibad-neubeckum.de\/wp\/index.php?rest_route=%2Fwp%2Fv2%2Ftags&post=468"}],"curies":[{"name":"wp","href":"https:\/\/api.w.org\/{rel}","templated":true}]}}