{"id":521,"date":"2018-04-10T18:13:32","date_gmt":"2018-04-10T16:13:32","guid":{"rendered":"http:\/\/www.freibad-neubeckum.de\/wp\/?p=521"},"modified":"2018-04-10T18:13:32","modified_gmt":"2018-04-10T16:13:32","slug":"tiefe-trauer-um-theo-thiemann","status":"publish","type":"post","link":"http:\/\/www.freibad-neubeckum.de\/wp\/?p=521","title":{"rendered":"Tiefe Trauer um Theo Thiemann"},"content":{"rendered":"<p>Quelle: Die Glocke \/ Beckum | 07.04.2018 | Seite 17<\/p>\n<p><img loading=\"lazy\" decoding=\"async\" class=\"alignnone  wp-image-522\" src=\"http:\/\/www.freibad-neubeckum.de\/wp\/wp-content\/uploads\/2018\/04\/nachrufbild1_1024.jpg\" alt=\"nachrufbild1_1024\" width=\"548\" height=\"438\" srcset=\"http:\/\/www.freibad-neubeckum.de\/wp\/wp-content\/uploads\/2018\/04\/nachrufbild1_1024.jpg 1024w, http:\/\/www.freibad-neubeckum.de\/wp\/wp-content\/uploads\/2018\/04\/nachrufbild1_1024-300x240.jpg 300w, http:\/\/www.freibad-neubeckum.de\/wp\/wp-content\/uploads\/2018\/04\/nachrufbild1_1024-768x614.jpg 768w, http:\/\/www.freibad-neubeckum.de\/wp\/wp-content\/uploads\/2018\/04\/nachrufbild1_1024-150x120.jpg 150w, http:\/\/www.freibad-neubeckum.de\/wp\/wp-content\/uploads\/2018\/04\/nachrufbild1_1024-400x320.jpg 400w\" sizes=\"(max-width: 548px) 100vw, 548px\" \/><\/p>\n<p>Beckum (gl). In der vergangenen Woche hat der Stadtteil Neubeckum durch den Tod von Theo Thiemann einen vielseitig engagierten und allseits beliebten Mitb\u00fcrger verloren. Er verstarb v\u00f6llig unerwartet kurz nach Vollendung seines 80. Lebensjahrs.<\/p>\n<p>Theo Thiemann war ein echter Aktivposten in seinem Geburtsort Neubeckum, wie es in einem Nachruf des F\u00f6rdervereins Freibad Neubeckum hei\u00dft. So wirkte er im Karnevalsverein \u201eWir vom Schienenstrang\u201c genauso mit wie in den Sch\u00fctzenvereinen und im SV Neubeckum. Der Schwerpunkt seines Engagements lag aber auf dem Schwimmsport. So war er viele Jahre erfolgreich als Vorsitzender des SV Undine t\u00e4tig. Auch die Gr\u00fcndung des F\u00f6rdervereins des Freibads Neubeckum erfolgte 1988 aufgrund seines Engagements. Auch hier war er viele Jahre von 1994 bis 2008 Vorsitzender und hat in dieser Zeit viele kleine und gro\u00dfe Projekte durchgef\u00fchrt.<\/p>\n<p>Theo Thiemann zeichnete sich dadurch aus, dass er von seinen Themen begeistert war und andere mit dieser Begeisterung anstecken konnte. Sympathisch, beliebt und uneitel verfolgte er die Projekte, die ihm am Herzen lagen. Hierzu geh\u00f6rten zum Beispiel der Bau der Wasserrutschbahnen und des neuen Kinderplanschbeckens.<\/p>\n<p>Es gelang ihm immer wieder, neue Mitglieder zu gewinnen, Sponsoren zu finden und die freiwilligen Helfer f\u00fcr die Freibadfeste und den Weihnachtsmarkt bei der Stange zu halten. Und nat\u00fcrlich hat er auch selbst tatkr\u00e4ftig mit angepackt.<\/p>\n<p>Als Dank f\u00fcr diese herausragenden Leistungen wurde er 2008 zum Ehrenvorsitzenden des F\u00f6rdervereins ernannt und erhielt als Ehrenschwimmer freien Eintritt ins Freibad Neubeckum auf Lebenszeit.<\/p>\n<p>Viele Neubeckumer trauern mit seiner Lebensgef\u00e4hrtin und den drei T\u00f6chtern und ihren Familien um Theo Thiemann, der am kommenden Dienstag beerdigt wird.<\/p>\n","protected":false},"excerpt":{"rendered":"<p>Quelle: Die Glocke \/ Beckum | 07.04.2018 | Seite 17 Beckum (gl). In der vergangenen Woche hat der Stadtteil Neubeckum durch den Tod von Theo Thiemann einen vielseitig engagierten und allseits beliebten Mitb\u00fcrger verloren. Er verstarb v\u00f6llig unerwartet kurz nach Vollendung seines 80. Lebensjahrs. Theo Thiemann war ein echter Aktivposten in seinem Geburtsort Neubeckum, wie es in einem Nachruf des F\u00f6rdervereins Freibad Neubeckum hei\u00dft. So wirkte er im Karnevalsverein \u201eWir vom Schienenstrang\u201c genauso mit wie in den Sch\u00fctzenvereinen und im&#8230;<\/p>\n<p class=\"read-more\"><a class=\"btn btn-default\" href=\"http:\/\/www.freibad-neubeckum.de\/wp\/?p=521\">Weiterlesen<span class=\"screen-reader-text\"> Weiterlesen<\/span><\/a><\/p>\n","protected":false},"author":1,"featured_media":0,"comment_status":"closed","ping_status":"open","sticky":false,"template":"","format":"standard","meta":{"footnotes":""},"categories":[1],"tags":[],"_links":{"self":[{"href":"http:\/\/www.freibad-neubeckum.de\/wp\/index.php?rest_route=\/wp\/v2\/posts\/521"}],"collection":[{"href":"http:\/\/www.freibad-neubeckum.de\/wp\/index.php?rest_route=\/wp\/v2\/posts"}],"about":[{"href":"http:\/\/www.freibad-neubeckum.de\/wp\/index.php?rest_route=\/wp\/v2\/types\/post"}],"author":[{"embeddable":true,"href":"http:\/\/www.freibad-neubeckum.de\/wp\/index.php?rest_route=\/wp\/v2\/users\/1"}],"replies":[{"embeddable":true,"href":"http:\/\/www.freibad-neubeckum.de\/wp\/index.php?rest_route=%2Fwp%2Fv2%2Fcomments&post=521"}],"version-history":[{"count":1,"href":"http:\/\/www.freibad-neubeckum.de\/wp\/index.php?rest_route=\/wp\/v2\/posts\/521\/revisions"}],"predecessor-version":[{"id":523,"href":"http:\/\/www.freibad-neubeckum.de\/wp\/index.php?rest_route=\/wp\/v2\/posts\/521\/revisions\/523"}],"wp:attachment":[{"href":"http:\/\/www.freibad-neubeckum.de\/wp\/index.php?rest_route=%2Fwp%2Fv2%2Fmedia&parent=521"}],"wp:term":[{"taxonomy":"category","embeddable":true,"href":"http:\/\/www.freibad-neubeckum.de\/wp\/index.php?rest_route=%2Fwp%2Fv2%2Fcategories&post=521"},{"taxonomy":"post_tag","embeddable":true,"href":"http:\/\/www.freibad-neubeckum.de\/wp\/index.php?rest_route=%2Fwp%2Fv2%2Ftags&post=521"}],"curies":[{"name":"wp","href":"https:\/\/api.w.org\/{rel}","templated":true}]}}