{"id":533,"date":"2018-05-28T22:50:28","date_gmt":"2018-05-28T20:50:28","guid":{"rendered":"http:\/\/www.freibad-neubeckum.de\/wp\/?p=533"},"modified":"2018-05-28T22:50:28","modified_gmt":"2018-05-28T20:50:28","slug":"frebadfest-am-31-05-2018","status":"publish","type":"post","link":"http:\/\/www.freibad-neubeckum.de\/wp\/?p=533","title":{"rendered":"Frebadfest am 31.05.2018"},"content":{"rendered":"<p>Beginn 11:00 Uhr<\/p>\n<p>Programm:<br \/>\n&#8211; Er\u00f6ffnung im Beisein des B\u00fcrgermeisters,<br \/>\n&#8211; Fr\u00fchschoppen unter Beteiligung des Spielmannszugs Hellbach<br \/>\n&#8211; Kaffee und Kuchen<br \/>\n&#8211; Darbietungen der Synchronschwimmerinnen der SV Brackwede e.V.<br \/>\n&#8211; Tanzdarbietungen durch den TSC Rot-Gold e.V.<br \/>\n&#8211; Live-Konzert mit The Bluesanovas<br \/>\n&#8211; Essentieller Teil der Nachwuchsbands der deutschen Bluesszene<\/p>\n<p>Unsere F\u00f6rderer:<br \/>\n<img loading=\"lazy\" decoding=\"async\" class=\"alignnone size-full wp-image-536\" src=\"http:\/\/www.freibad-neubeckum.de\/wp\/wp-content\/uploads\/2018\/05\/30-Jahre-F\u00f6rderverein.jpg\" alt=\"30 Jahre F\u00f6rderverein\" width=\"1051\" height=\"736\" srcset=\"http:\/\/www.freibad-neubeckum.de\/wp\/wp-content\/uploads\/2018\/05\/30-Jahre-F\u00f6rderverein.jpg 1051w, http:\/\/www.freibad-neubeckum.de\/wp\/wp-content\/uploads\/2018\/05\/30-Jahre-F\u00f6rderverein-300x210.jpg 300w, http:\/\/www.freibad-neubeckum.de\/wp\/wp-content\/uploads\/2018\/05\/30-Jahre-F\u00f6rderverein-768x538.jpg 768w, http:\/\/www.freibad-neubeckum.de\/wp\/wp-content\/uploads\/2018\/05\/30-Jahre-F\u00f6rderverein-1025x718.jpg 1025w, http:\/\/www.freibad-neubeckum.de\/wp\/wp-content\/uploads\/2018\/05\/30-Jahre-F\u00f6rderverein-150x105.jpg 150w, http:\/\/www.freibad-neubeckum.de\/wp\/wp-content\/uploads\/2018\/05\/30-Jahre-F\u00f6rderverein-400x280.jpg 400w\" sizes=\"(max-width: 1051px) 100vw, 1051px\" \/><br \/>\n<img loading=\"lazy\" decoding=\"async\" class=\"alignnone size-full wp-image-537\" src=\"http:\/\/www.freibad-neubeckum.de\/wp\/wp-content\/uploads\/2018\/05\/30-Jahre-F\u00f6rdervereinII.jpg\" alt=\"30 Jahre F\u00f6rdervereinII\" width=\"1041\" height=\"731\" srcset=\"http:\/\/www.freibad-neubeckum.de\/wp\/wp-content\/uploads\/2018\/05\/30-Jahre-F\u00f6rdervereinII.jpg 1041w, http:\/\/www.freibad-neubeckum.de\/wp\/wp-content\/uploads\/2018\/05\/30-Jahre-F\u00f6rdervereinII-300x211.jpg 300w, http:\/\/www.freibad-neubeckum.de\/wp\/wp-content\/uploads\/2018\/05\/30-Jahre-F\u00f6rdervereinII-768x539.jpg 768w, http:\/\/www.freibad-neubeckum.de\/wp\/wp-content\/uploads\/2018\/05\/30-Jahre-F\u00f6rdervereinII-1025x720.jpg 1025w, http:\/\/www.freibad-neubeckum.de\/wp\/wp-content\/uploads\/2018\/05\/30-Jahre-F\u00f6rdervereinII-150x105.jpg 150w, http:\/\/www.freibad-neubeckum.de\/wp\/wp-content\/uploads\/2018\/05\/30-Jahre-F\u00f6rdervereinII-400x281.jpg 400w\" sizes=\"(max-width: 1041px) 100vw, 1041px\" \/><\/p>\n<p>Programm als Download<br \/>\n<a href=\"http:\/\/www.freibad-neubeckum.de\/wp\/wp-content\/uploads\/2018\/05\/fvf180011_FO_freibadfest_02kl.pdf\">fvf180011_FO_freibadfest_02kl<\/a> <a href=\"http:\/\/www.freibad-neubeckum.de\/wp\/wp-content\/uploads\/2018\/05\/fvf180011_PL_freibadfest_02kl.pdf\">fvf180011_PL_freibadfest_02kl<\/a><\/p>\n","protected":false},"excerpt":{"rendered":"<p>Beginn 11:00 Uhr Programm: &#8211; Er\u00f6ffnung im Beisein des B\u00fcrgermeisters, &#8211; Fr\u00fchschoppen unter Beteiligung des Spielmannszugs Hellbach &#8211; Kaffee und Kuchen &#8211; Darbietungen der Synchronschwimmerinnen der SV Brackwede e.V. &#8211; Tanzdarbietungen durch den TSC Rot-Gold e.V. &#8211; Live-Konzert mit The Bluesanovas &#8211; Essentieller Teil der Nachwuchsbands der deutschen Bluesszene Unsere F\u00f6rderer: Programm als Download fvf180011_FO_freibadfest_02kl fvf180011_PL_freibadfest_02kl<\/p>\n","protected":false},"author":1,"featured_media":0,"comment_status":"closed","ping_status":"open","sticky":false,"template":"","format":"standard","meta":{"footnotes":""},"categories":[1],"tags":[],"_links":{"self":[{"href":"http:\/\/www.freibad-neubeckum.de\/wp\/index.php?rest_route=\/wp\/v2\/posts\/533"}],"collection":[{"href":"http:\/\/www.freibad-neubeckum.de\/wp\/index.php?rest_route=\/wp\/v2\/posts"}],"about":[{"href":"http:\/\/www.freibad-neubeckum.de\/wp\/index.php?rest_route=\/wp\/v2\/types\/post"}],"author":[{"embeddable":true,"href":"http:\/\/www.freibad-neubeckum.de\/wp\/index.php?rest_route=\/wp\/v2\/users\/1"}],"replies":[{"embeddable":true,"href":"http:\/\/www.freibad-neubeckum.de\/wp\/index.php?rest_route=%2Fwp%2Fv2%2Fcomments&post=533"}],"version-history":[{"count":1,"href":"http:\/\/www.freibad-neubeckum.de\/wp\/index.php?rest_route=\/wp\/v2\/posts\/533\/revisions"}],"predecessor-version":[{"id":538,"href":"http:\/\/www.freibad-neubeckum.de\/wp\/index.php?rest_route=\/wp\/v2\/posts\/533\/revisions\/538"}],"wp:attachment":[{"href":"http:\/\/www.freibad-neubeckum.de\/wp\/index.php?rest_route=%2Fwp%2Fv2%2Fmedia&parent=533"}],"wp:term":[{"taxonomy":"category","embeddable":true,"href":"http:\/\/www.freibad-neubeckum.de\/wp\/index.php?rest_route=%2Fwp%2Fv2%2Fcategories&post=533"},{"taxonomy":"post_tag","embeddable":true,"href":"http:\/\/www.freibad-neubeckum.de\/wp\/index.php?rest_route=%2Fwp%2Fv2%2Ftags&post=533"}],"curies":[{"name":"wp","href":"https:\/\/api.w.org\/{rel}","templated":true}]}}