{"id":565,"date":"2018-06-02T15:22:20","date_gmt":"2018-06-02T13:22:20","guid":{"rendered":"http:\/\/www.freibad-neubeckum.de\/wp\/?p=565"},"modified":"2018-11-04T15:53:08","modified_gmt":"2018-11-04T13:53:08","slug":"foerderverein-wird-30-jahre-2400-gaeste-besuchen-das-geburtstags-freibadfest","status":"publish","type":"post","link":"http:\/\/www.freibad-neubeckum.de\/wp\/?p=565","title":{"rendered":"F\u00f6rderverein wird 30 Jahre &#8211; 2400 G\u00e4ste besuchen das Geburtstags-Freibadfest"},"content":{"rendered":"<p>Quelle: Die Glocke vom\u00a0 02.06.2018 |<\/p>\n<p>von Sigrid Himmel<\/p>\n<p>Neubeckum (himm). Sie haben alles richtig gemacht, die Neubeckumer B\u00fcrger, die vor 30 Jahren den F\u00f6rderverein Freibad Neubeckum gegr\u00fcndet haben, um die Schlie\u00dfung des Bads am Harberg zu verhindern. Denn an Fronleichnam vergn\u00fcgten sich rund 2400 G\u00e4ste zu Wasser und an Land, um das 30-j\u00e4hrige Bestehen des Vereins und ihr Schmuckk\u00e4stchen zu feiern.<br \/>\nDass das Bad jedes Jahr im Mai seine Pforten \u00f6ffnet, hat Neubeckum in erster Linie Theo Thiemann zu verdanken, der \u00fcber Jahre Menschen daf\u00fcr begeistern konnte, sich f\u00fcr Erhalt und Pflege des Freibads zu engagieren. An Mitstreitern hat es ihm nie gemangelt. Im April starb der langj\u00e4hrige Vorsitzende des F\u00f6rdervereins pl\u00f6tzlich.<br \/>\nSein Lebenswerk w\u00fcrdigten sowohl der jetzige Vorsitzende Thomas Kleinekemper als auch B\u00fcrgermeister Dr. Karl-Uwe Strothmann aus Anlass des Jubil\u00e4ums. \u201eWir sind traurig und wehm\u00fctig. Schlie\u00dflich ist es das erste Freibadfest ohne unseren Ehrenvorsitzenden\u201c, sprach Kleinekemper aus, was viele dachten.<br \/>\n\u201eMit Theo Thiemann haben wir einen wichtigen K\u00fcmmerer verloren, einen Freibadfan, einen gro\u00dfartigen Menschen\u201c, beschrieb der B\u00fcrgermeister den Verlust.<br \/>\nAnschlie\u00dfend spielte der Spielmannszug Hellbach mit flotten Kl\u00e4ngen zum z\u00fcnftigen Fr\u00fchschoppen auf, w\u00e4hrend die Freibadfesthelfer bei 34 Grad im Schwei\u00dfe ihres Angesichts ihre G\u00e4ste mit Leckereien verw\u00f6hnten.<br \/>\nSehenswerte Choreographien zeigten die Synchronschwimmerinnen der SV Brackwede im Wettkampfbecken. Viel Beifall erhielten zudem die Tanzgruppen des TSC Rot-Gold Neubeckum. Ein kurzer Abk\u00fchlung bringender Regenschauer und dazu Blues- und Rockmusik gespielt von \u201eThe Bluesanovas\u201c mit Nico und Phillipp Dreier sollte ein toller Schlusspunkt der gro\u00dfartigen Party sein. Die Band hat sich bereits einen Namen in der deutschen Bluesszene gemacht und ihr erstes Album \u201eBluesanova\u201c herausgebracht. Bilder: Sigrid Himmel<br \/>\n<img loading=\"lazy\" decoding=\"async\" class=\"alignnone size-full wp-image-569\" src=\"http:\/\/www.freibad-neubeckum.de\/wp\/wp-content\/uploads\/2018\/11\/Freibadfest_Neubeckum_2018_1.jpg\" alt=\"\" width=\"1024\" height=\"686\" srcset=\"http:\/\/www.freibad-neubeckum.de\/wp\/wp-content\/uploads\/2018\/11\/Freibadfest_Neubeckum_2018_1.jpg 1024w, http:\/\/www.freibad-neubeckum.de\/wp\/wp-content\/uploads\/2018\/11\/Freibadfest_Neubeckum_2018_1-300x201.jpg 300w, http:\/\/www.freibad-neubeckum.de\/wp\/wp-content\/uploads\/2018\/11\/Freibadfest_Neubeckum_2018_1-768x515.jpg 768w, http:\/\/www.freibad-neubeckum.de\/wp\/wp-content\/uploads\/2018\/11\/Freibadfest_Neubeckum_2018_1-150x100.jpg 150w, http:\/\/www.freibad-neubeckum.de\/wp\/wp-content\/uploads\/2018\/11\/Freibadfest_Neubeckum_2018_1-400x268.jpg 400w\" sizes=\"(max-width: 1024px) 100vw, 1024px\" \/><br \/>\nBild 1: Die Synchronschwimmerinnen der SV Brackwede erhielten beim Freibadfest in Neubeckum viel Applaus vom Publikum am Beckenrand.<\/p>\n<p><img loading=\"lazy\" decoding=\"async\" class=\"alignnone size-full wp-image-566\" src=\"http:\/\/www.freibad-neubeckum.de\/wp\/wp-content\/uploads\/2018\/11\/Freibadfest_Neubeckum_2018_2.jpg\" alt=\"\" width=\"1024\" height=\"650\" srcset=\"http:\/\/www.freibad-neubeckum.de\/wp\/wp-content\/uploads\/2018\/11\/Freibadfest_Neubeckum_2018_2.jpg 1024w, http:\/\/www.freibad-neubeckum.de\/wp\/wp-content\/uploads\/2018\/11\/Freibadfest_Neubeckum_2018_2-300x190.jpg 300w, http:\/\/www.freibad-neubeckum.de\/wp\/wp-content\/uploads\/2018\/11\/Freibadfest_Neubeckum_2018_2-768x488.jpg 768w, http:\/\/www.freibad-neubeckum.de\/wp\/wp-content\/uploads\/2018\/11\/Freibadfest_Neubeckum_2018_2-150x95.jpg 150w, http:\/\/www.freibad-neubeckum.de\/wp\/wp-content\/uploads\/2018\/11\/Freibadfest_Neubeckum_2018_2-400x254.jpg 400w\" sizes=\"(max-width: 1024px) 100vw, 1024px\" \/><br \/>\nBild 2: Die Band \u201eThe Bluesanovas\u201c setzte am Donnerstag den gelungenen Schlusspunkt der Party zum 30. Geburtstag des F\u00f6rdervereins Freibad Neubeckum<\/p>\n<p>.<img loading=\"lazy\" decoding=\"async\" class=\"alignnone size-full wp-image-567\" src=\"http:\/\/www.freibad-neubeckum.de\/wp\/wp-content\/uploads\/2018\/11\/Freibadfest_Neubeckum_2018_3.jpg\" alt=\"\" width=\"1024\" height=\"718\" srcset=\"http:\/\/www.freibad-neubeckum.de\/wp\/wp-content\/uploads\/2018\/11\/Freibadfest_Neubeckum_2018_3.jpg 1024w, http:\/\/www.freibad-neubeckum.de\/wp\/wp-content\/uploads\/2018\/11\/Freibadfest_Neubeckum_2018_3-300x210.jpg 300w, http:\/\/www.freibad-neubeckum.de\/wp\/wp-content\/uploads\/2018\/11\/Freibadfest_Neubeckum_2018_3-768x539.jpg 768w, http:\/\/www.freibad-neubeckum.de\/wp\/wp-content\/uploads\/2018\/11\/Freibadfest_Neubeckum_2018_3-150x105.jpg 150w, http:\/\/www.freibad-neubeckum.de\/wp\/wp-content\/uploads\/2018\/11\/Freibadfest_Neubeckum_2018_3-400x280.jpg 400w\" sizes=\"(max-width: 1024px) 100vw, 1024px\" \/><\/p>\n<p>Bild 3: Viel Beifall erhielten die Gruppen des Tanzsportclubs Rot-Gold Neubeckum f\u00fcr ihre Vorf\u00fchrungen im Freibad. Gleich mehrere TSC-Formationen beteiligten sich am Programm.<\/p>\n<p><img loading=\"lazy\" decoding=\"async\" class=\"alignnone size-full wp-image-568\" src=\"http:\/\/www.freibad-neubeckum.de\/wp\/wp-content\/uploads\/2018\/11\/Freibadfest_Neubeckum_2018_4.jpg\" alt=\"\" width=\"1024\" height=\"812\" srcset=\"http:\/\/www.freibad-neubeckum.de\/wp\/wp-content\/uploads\/2018\/11\/Freibadfest_Neubeckum_2018_4.jpg 1024w, http:\/\/www.freibad-neubeckum.de\/wp\/wp-content\/uploads\/2018\/11\/Freibadfest_Neubeckum_2018_4-300x238.jpg 300w, http:\/\/www.freibad-neubeckum.de\/wp\/wp-content\/uploads\/2018\/11\/Freibadfest_Neubeckum_2018_4-768x609.jpg 768w, http:\/\/www.freibad-neubeckum.de\/wp\/wp-content\/uploads\/2018\/11\/Freibadfest_Neubeckum_2018_4-150x119.jpg 150w, http:\/\/www.freibad-neubeckum.de\/wp\/wp-content\/uploads\/2018\/11\/Freibadfest_Neubeckum_2018_4-400x317.jpg 400w\" sizes=\"(max-width: 1024px) 100vw, 1024px\" \/><br \/>\nBild 4: Eine Blutbuche als Geschenk nahmen Thomas Kleinekemper (links) und Mechthild B\u00fcrsmeier-Nauert von B\u00fcrgermeister Dr. Karl-Uwe Strothmann an.<\/p>\n<p>Weitere Bilder hier:<style id=\"bwg-style-0\">    #bwg_container1_0 #bwg_container2_0 .bwg-container-0.bwg-standard-thumbnails {      width: 904px;              justify-content: center;        margin:0 auto !important;              background-color: rgba(255, 255, 255, 0.00);            padding-left: 4px;      padding-top: 4px;      max-width: 100%;            }        #bwg_container1_0 #bwg_container2_0 .bwg-container-0.bwg-standard-thumbnails .bwg-item {    justify-content: flex-start;      max-width: 180px;            width: 180px !important;          }    #bwg_container1_0 #bwg_container2_0 .bwg-container-0.bwg-standard-thumbnails .bwg-item a {       margin-right: 4px;       margin-bottom: 4px;    }    #bwg_container1_0 #bwg_container2_0 .bwg-container-0.bwg-standard-thumbnails .bwg-item0 {      padding: 0px;            background-color:rgba(255,255,255, 0.30);      border: 0px none #CCCCCC;      opacity: 1.00;      border-radius: 0;      box-shadow: 0px 0px 0px #888888;    }    #bwg_container1_0 #bwg_container2_0 .bwg-container-0.bwg-standard-thumbnails .bwg-item1 img {      max-height: none;      max-width: none;      padding: 0 !important;    }        @media only screen and (min-width: 480px) {      #bwg_container1_0 #bwg_container2_0 .bwg-container-0.bwg-standard-thumbnails .bwg-item0 {        transition: all 0.3s ease 0s;-webkit-transition: all 0.3s ease 0s;      }      #bwg_container1_0 #bwg_container2_0 .bwg-container-0.bwg-standard-thumbnails .bwg-item0:hover {        -ms-transform: scale(1.1);        -webkit-transform: scale(1.1);        transform: scale(1.1);      }    }          #bwg_container1_0 #bwg_container2_0 .bwg-container-0.bwg-standard-thumbnails .bwg-item1 {      padding-top: 50%;    }        #bwg_container1_0 #bwg_container2_0 .bwg-container-0.bwg-standard-thumbnails .bwg-title2,    #bwg_container1_0 #bwg_container2_0 .bwg-container-0.bwg-standard-thumbnails .bwg-ecommerce2 {      color: #CCCCCC;      font-family: segoe ui;      font-size: 16px;      font-weight: bold;      padding: 2px;      text-shadow: 0px 0px 0px #888888;      max-height: 100%;    }    #bwg_container1_0 #bwg_container2_0 .bwg-container-0.bwg-standard-thumbnails .bwg-thumb-description span {    color: #323A45;    font-family: Ubuntu;    font-size: 12px;    max-height: 100%;    word-wrap: break-word;    }    #bwg_container1_0 #bwg_container2_0 .bwg-container-0.bwg-standard-thumbnails .bwg-play-icon2 {      font-size: 32px;    }    #bwg_container1_0 #bwg_container2_0 .bwg-container-0.bwg-standard-thumbnails .bwg-ecommerce2 {      font-size: 19.2px;      color: #CCCCCC;    }    <\/style>    <div id=\"bwg_container1_0\"         class=\"bwg_container bwg_thumbnail bwg_thumbnails \"         data-right-click-protection=\"0\"         data-bwg=\"0\"         data-scroll=\"0\"         data-gallery-type=\"thumbnails\"         data-gallery-view-type=\"thumbnails\"         data-current-url=\"\/wp\/index.php?rest_route=%2Fwp%2Fv2%2Fposts%2F565\"         data-lightbox-url=\"http:\/\/www.freibad-neubeckum.de\/wp\/wp-admin\/admin-ajax.php?action=GalleryBox&#038;current_view=0&#038;gallery_id=10&#038;tag=0&#038;theme_id=1&#038;shortcode_id=22&#038;sort_by=order&#038;order_by=asc&#038;current_url=%2Fwp%2Findex.php%3Frest_route%3D%252Fwp%252Fv2%252Fposts%252F565\"         data-gallery-id=\"10\"         data-popup-width=\"800\"         data-popup-height=\"500\"         data-is-album=\"gallery\"         data-buttons-position=\"bottom\">      <div id=\"bwg_container2_0\">             <div id=\"ajax_loading_0\" class=\"bwg_loading_div_1\">      <div class=\"bwg_loading_div_2\">        <div class=\"bwg_loading_div_3\">          <div id=\"loading_div_0\" class=\"bwg_spider_ajax_loading\">          <\/div>        <\/div>      <\/div>    <\/div>            <form id=\"gal_front_form_0\"              class=\"bwg-hidden\"              method=\"post\"              action=\"#\"              data-current=\"0\"              data-shortcode-id=\"22\"              data-gallery-type=\"thumbnails\"              data-gallery-id=\"10\"              data-tag=\"0\"              data-album-id=\"0\"              data-theme-id=\"1\"              data-ajax-url=\"http:\/\/www.freibad-neubeckum.de\/wp\/wp-admin\/admin-ajax.php?action=bwg_frontend_data\">          <div id=\"bwg_container3_0\" class=\"bwg-background bwg-background-0\">                <div data-max-count=\"5\"         data-thumbnail-width=\"180\"         data-bwg=\"0\"         data-gallery-id=\"10\"         data-lightbox-url=\"http:\/\/www.freibad-neubeckum.de\/wp\/wp-admin\/admin-ajax.php?action=GalleryBox&amp;current_view=0&amp;gallery_id=10&amp;tag=0&amp;theme_id=1&amp;shortcode_id=22&amp;sort_by=order&amp;order_by=asc&amp;current_url=%2Fwp%2Findex.php%3Frest_route%3D%252Fwp%252Fv2%252Fposts%252F565\"         id=\"bwg_thumbnails_0\"         class=\"bwg-container-0 bwg-thumbnails bwg-standard-thumbnails bwg-container bwg-border-box\">            <div class=\"bwg-item\">        <a class=\"bwg-a  bwg_lightbox\"  data-image-id=\"1189\" href=\"http:\/\/www.freibad-neubeckum.de\/wp\/wp-content\/uploads\/photo-gallery\/Freibadfest_Neubeckum_2018_23_.jpg?bwg=1541339448\" data-elementor-open-lightbox=\"no\">                <div class=\"bwg-item0 \">          <div class=\"bwg-item1 \">            <div class=\"bwg-item2\">              <img decoding=\"async\" class=\"skip-lazy bwg_standart_thumb_img_0 \"                   data-id=\"1189\"                   data-width=\"\"                   data-height=\"\"                   data-src=\"http:\/\/www.freibad-neubeckum.de\/wp\/wp-content\/uploads\/photo-gallery\/thumb\/Freibadfest_Neubeckum_2018_23_.jpg?bwg=1541339448\"                   src=\"http:\/\/www.freibad-neubeckum.de\/wp\/wp-content\/uploads\/photo-gallery\/thumb\/Freibadfest_Neubeckum_2018_23_.jpg?bwg=1541339448\"                   alt=\"Freibadfest Neubeckum 2018 23 \"                   title=\"Freibadfest Neubeckum 2018 23 \" \/>            <\/div>            <div class=\"\">                                                      <\/div>          <\/div>        <\/div>                        <\/a>              <\/div>            <div class=\"bwg-item\">        <a class=\"bwg-a  bwg_lightbox\"  data-image-id=\"1188\" href=\"http:\/\/www.freibad-neubeckum.de\/wp\/wp-content\/uploads\/photo-gallery\/Freibadfest_Neubeckum_2018_26_.jpg?bwg=1541339448\" data-elementor-open-lightbox=\"no\">                <div class=\"bwg-item0 \">          <div class=\"bwg-item1 \">            <div class=\"bwg-item2\">              <img decoding=\"async\" class=\"skip-lazy bwg_standart_thumb_img_0 \"                   data-id=\"1188\"                   data-width=\"\"                   data-height=\"\"                   data-src=\"http:\/\/www.freibad-neubeckum.de\/wp\/wp-content\/uploads\/photo-gallery\/thumb\/Freibadfest_Neubeckum_2018_26_.jpg?bwg=1541339448\"                   src=\"http:\/\/www.freibad-neubeckum.de\/wp\/wp-content\/uploads\/photo-gallery\/thumb\/Freibadfest_Neubeckum_2018_26_.jpg?bwg=1541339448\"                   alt=\"Freibadfest Neubeckum 2018 26 \"                   title=\"Freibadfest Neubeckum 2018 26 \" \/>            <\/div>            <div class=\"\">                                                      <\/div>          <\/div>        <\/div>                        <\/a>              <\/div>            <div class=\"bwg-item\">        <a class=\"bwg-a  bwg_lightbox\"  data-image-id=\"1187\" href=\"http:\/\/www.freibad-neubeckum.de\/wp\/wp-content\/uploads\/photo-gallery\/Freibadfest_Neubeckum_2018_27_.jpg?bwg=1541339448\" data-elementor-open-lightbox=\"no\">                <div class=\"bwg-item0 \">          <div class=\"bwg-item1 \">            <div class=\"bwg-item2\">              <img decoding=\"async\" class=\"skip-lazy bwg_standart_thumb_img_0 \"                   data-id=\"1187\"                   data-width=\"\"                   data-height=\"\"                   data-src=\"http:\/\/www.freibad-neubeckum.de\/wp\/wp-content\/uploads\/photo-gallery\/thumb\/Freibadfest_Neubeckum_2018_27_.jpg?bwg=1541339448\"                   src=\"http:\/\/www.freibad-neubeckum.de\/wp\/wp-content\/uploads\/photo-gallery\/thumb\/Freibadfest_Neubeckum_2018_27_.jpg?bwg=1541339448\"                   alt=\"Freibadfest Neubeckum 2018 27 \"                   title=\"Freibadfest Neubeckum 2018 27 \" \/>            <\/div>            <div class=\"\">                                                      <\/div>          <\/div>        <\/div>                        <\/a>              <\/div>            <div class=\"bwg-item\">        <a class=\"bwg-a  bwg_lightbox\"  data-image-id=\"1186\" href=\"http:\/\/www.freibad-neubeckum.de\/wp\/wp-content\/uploads\/photo-gallery\/Freibadfest_Neubeckum_2018_28_.jpg?bwg=1541339448\" data-elementor-open-lightbox=\"no\">                <div class=\"bwg-item0 \">          <div class=\"bwg-item1 \">            <div class=\"bwg-item2\">              <img decoding=\"async\" class=\"skip-lazy bwg_standart_thumb_img_0 \"                   data-id=\"1186\"                   data-width=\"\"                   data-height=\"\"                   data-src=\"http:\/\/www.freibad-neubeckum.de\/wp\/wp-content\/uploads\/photo-gallery\/thumb\/Freibadfest_Neubeckum_2018_28_.jpg?bwg=1541339448\"                   src=\"http:\/\/www.freibad-neubeckum.de\/wp\/wp-content\/uploads\/photo-gallery\/thumb\/Freibadfest_Neubeckum_2018_28_.jpg?bwg=1541339448\"                   alt=\"Freibadfest Neubeckum 2018 28 \"                   title=\"Freibadfest Neubeckum 2018 28 \" \/>            <\/div>            <div class=\"\">                                                      <\/div>          <\/div>        <\/div>                        <\/a>              <\/div>            <div class=\"bwg-item\">        <a class=\"bwg-a  bwg_lightbox\"  data-image-id=\"1185\" href=\"http:\/\/www.freibad-neubeckum.de\/wp\/wp-content\/uploads\/photo-gallery\/Freibadfest_Neubeckum_2018_24_.jpg?bwg=1541339448\" data-elementor-open-lightbox=\"no\">                <div class=\"bwg-item0 \">          <div class=\"bwg-item1 \">            <div class=\"bwg-item2\">              <img decoding=\"async\" class=\"skip-lazy bwg_standart_thumb_img_0 \"                   data-id=\"1185\"                   data-width=\"\"                   data-height=\"\"                   data-src=\"http:\/\/www.freibad-neubeckum.de\/wp\/wp-content\/uploads\/photo-gallery\/thumb\/Freibadfest_Neubeckum_2018_24_.jpg?bwg=1541339448\"                   src=\"http:\/\/www.freibad-neubeckum.de\/wp\/wp-content\/uploads\/photo-gallery\/thumb\/Freibadfest_Neubeckum_2018_24_.jpg?bwg=1541339448\"                   alt=\"Freibadfest Neubeckum 2018 24 \"                   title=\"Freibadfest Neubeckum 2018 24 \" \/>            <\/div>            <div class=\"\">                                                      <\/div>          <\/div>        <\/div>                        <\/a>              <\/div>            <div class=\"bwg-item\">        <a class=\"bwg-a  bwg_lightbox\"  data-image-id=\"1184\" href=\"http:\/\/www.freibad-neubeckum.de\/wp\/wp-content\/uploads\/photo-gallery\/Freibadfest_Neubeckum_2018_25_.jpg?bwg=1541339447\" data-elementor-open-lightbox=\"no\">                <div class=\"bwg-item0 \">          <div class=\"bwg-item1 \">            <div class=\"bwg-item2\">              <img decoding=\"async\" class=\"skip-lazy bwg_standart_thumb_img_0 \"                   data-id=\"1184\"                   data-width=\"\"                   data-height=\"\"                   data-src=\"http:\/\/www.freibad-neubeckum.de\/wp\/wp-content\/uploads\/photo-gallery\/thumb\/Freibadfest_Neubeckum_2018_25_.jpg?bwg=1541339447\"                   src=\"http:\/\/www.freibad-neubeckum.de\/wp\/wp-content\/uploads\/photo-gallery\/thumb\/Freibadfest_Neubeckum_2018_25_.jpg?bwg=1541339447\"                   alt=\"Freibadfest Neubeckum 2018 25 \"                   title=\"Freibadfest Neubeckum 2018 25 \" \/>            <\/div>            <div class=\"\">                                                      <\/div>          <\/div>        <\/div>                        <\/a>              <\/div>            <div class=\"bwg-item\">        <a class=\"bwg-a  bwg_lightbox\"  data-image-id=\"1183\" href=\"http:\/\/www.freibad-neubeckum.de\/wp\/wp-content\/uploads\/photo-gallery\/Freibadfest_Neubeckum_2018_29_.jpg?bwg=1541339447\" data-elementor-open-lightbox=\"no\">                <div class=\"bwg-item0 \">          <div class=\"bwg-item1 \">            <div class=\"bwg-item2\">              <img decoding=\"async\" class=\"skip-lazy bwg_standart_thumb_img_0 \"                   data-id=\"1183\"                   data-width=\"\"                   data-height=\"\"                   data-src=\"http:\/\/www.freibad-neubeckum.de\/wp\/wp-content\/uploads\/photo-gallery\/thumb\/Freibadfest_Neubeckum_2018_29_.jpg?bwg=1541339447\"                   src=\"http:\/\/www.freibad-neubeckum.de\/wp\/wp-content\/uploads\/photo-gallery\/thumb\/Freibadfest_Neubeckum_2018_29_.jpg?bwg=1541339447\"                   alt=\"Freibadfest Neubeckum 2018 29 \"                   title=\"Freibadfest Neubeckum 2018 29 \" \/>            <\/div>            <div class=\"\">                                                      <\/div>          <\/div>        <\/div>                        <\/a>              <\/div>            <div class=\"bwg-item\">        <a class=\"bwg-a  bwg_lightbox\"  data-image-id=\"1182\" href=\"http:\/\/www.freibad-neubeckum.de\/wp\/wp-content\/uploads\/photo-gallery\/Freibadfest_Neubeckum_2018_30_.jpg?bwg=1541339447\" data-elementor-open-lightbox=\"no\">                <div class=\"bwg-item0 \">          <div class=\"bwg-item1 \">            <div class=\"bwg-item2\">              <img decoding=\"async\" class=\"skip-lazy bwg_standart_thumb_img_0 \"                   data-id=\"1182\"                   data-width=\"\"                   data-height=\"\"                   data-src=\"http:\/\/www.freibad-neubeckum.de\/wp\/wp-content\/uploads\/photo-gallery\/thumb\/Freibadfest_Neubeckum_2018_30_.jpg?bwg=1541339447\"                   src=\"http:\/\/www.freibad-neubeckum.de\/wp\/wp-content\/uploads\/photo-gallery\/thumb\/Freibadfest_Neubeckum_2018_30_.jpg?bwg=1541339447\"                   alt=\"Freibadfest Neubeckum 2018 30 \"                   title=\"Freibadfest Neubeckum 2018 30 \" \/>            <\/div>            <div class=\"\">                                                      <\/div>          <\/div>        <\/div>                        <\/a>              <\/div>            <div class=\"bwg-item\">        <a class=\"bwg-a  bwg_lightbox\"  data-image-id=\"1181\" href=\"http:\/\/www.freibad-neubeckum.de\/wp\/wp-content\/uploads\/photo-gallery\/Freibadfest_Neubeckum_2018_33_.jpg?bwg=1541339447\" data-elementor-open-lightbox=\"no\">                <div class=\"bwg-item0 \">          <div class=\"bwg-item1 \">            <div class=\"bwg-item2\">              <img decoding=\"async\" class=\"skip-lazy bwg_standart_thumb_img_0 \"                   data-id=\"1181\"                   data-width=\"\"                   data-height=\"\"                   data-src=\"http:\/\/www.freibad-neubeckum.de\/wp\/wp-content\/uploads\/photo-gallery\/thumb\/Freibadfest_Neubeckum_2018_33_.jpg?bwg=1541339447\"                   src=\"http:\/\/www.freibad-neubeckum.de\/wp\/wp-content\/uploads\/photo-gallery\/thumb\/Freibadfest_Neubeckum_2018_33_.jpg?bwg=1541339447\"                   alt=\"Freibadfest Neubeckum 2018 33 \"                   title=\"Freibadfest Neubeckum 2018 33 \" \/>            <\/div>            <div class=\"\">                                                      <\/div>          <\/div>        <\/div>                        <\/a>              <\/div>            <div class=\"bwg-item\">        <a class=\"bwg-a  bwg_lightbox\"  data-image-id=\"1180\" href=\"http:\/\/www.freibad-neubeckum.de\/wp\/wp-content\/uploads\/photo-gallery\/Freibadfest_Neubeckum_2018_31_.jpg?bwg=1541339447\" data-elementor-open-lightbox=\"no\">                <div class=\"bwg-item0 \">          <div class=\"bwg-item1 \">            <div class=\"bwg-item2\">              <img decoding=\"async\" class=\"skip-lazy bwg_standart_thumb_img_0 \"                   data-id=\"1180\"                   data-width=\"\"                   data-height=\"\"                   data-src=\"http:\/\/www.freibad-neubeckum.de\/wp\/wp-content\/uploads\/photo-gallery\/thumb\/Freibadfest_Neubeckum_2018_31_.jpg?bwg=1541339447\"                   src=\"http:\/\/www.freibad-neubeckum.de\/wp\/wp-content\/uploads\/photo-gallery\/thumb\/Freibadfest_Neubeckum_2018_31_.jpg?bwg=1541339447\"                   alt=\"Freibadfest Neubeckum 2018 31 \"                   title=\"Freibadfest Neubeckum 2018 31 \" \/>            <\/div>            <div class=\"\">                                                      <\/div>          <\/div>        <\/div>                        <\/a>              <\/div>            <div class=\"bwg-item\">        <a class=\"bwg-a  bwg_lightbox\"  data-image-id=\"1179\" href=\"http:\/\/www.freibad-neubeckum.de\/wp\/wp-content\/uploads\/photo-gallery\/Freibadfest_Neubeckum_2018_34_.jpg?bwg=1541339447\" data-elementor-open-lightbox=\"no\">                <div class=\"bwg-item0 \">          <div class=\"bwg-item1 \">            <div class=\"bwg-item2\">              <img decoding=\"async\" class=\"skip-lazy bwg_standart_thumb_img_0 \"                   data-id=\"1179\"                   data-width=\"\"                   data-height=\"\"                   data-src=\"http:\/\/www.freibad-neubeckum.de\/wp\/wp-content\/uploads\/photo-gallery\/thumb\/Freibadfest_Neubeckum_2018_34_.jpg?bwg=1541339447\"                   src=\"http:\/\/www.freibad-neubeckum.de\/wp\/wp-content\/uploads\/photo-gallery\/thumb\/Freibadfest_Neubeckum_2018_34_.jpg?bwg=1541339447\"                   alt=\"Freibadfest Neubeckum 2018 34 \"                   title=\"Freibadfest Neubeckum 2018 34 \" \/>            <\/div>            <div class=\"\">                                                      <\/div>          <\/div>        <\/div>                        <\/a>              <\/div>            <div class=\"bwg-item\">        <a class=\"bwg-a  bwg_lightbox\"  data-image-id=\"1178\" href=\"http:\/\/www.freibad-neubeckum.de\/wp\/wp-content\/uploads\/photo-gallery\/Freibadfest_Neubeckum_2018_32_.jpg?bwg=1541339447\" data-elementor-open-lightbox=\"no\">                <div class=\"bwg-item0 \">          <div class=\"bwg-item1 \">            <div class=\"bwg-item2\">              <img decoding=\"async\" class=\"skip-lazy bwg_standart_thumb_img_0 \"                   data-id=\"1178\"                   data-width=\"\"                   data-height=\"\"                   data-src=\"http:\/\/www.freibad-neubeckum.de\/wp\/wp-content\/uploads\/photo-gallery\/thumb\/Freibadfest_Neubeckum_2018_32_.jpg?bwg=1541339447\"                   src=\"http:\/\/www.freibad-neubeckum.de\/wp\/wp-content\/uploads\/photo-gallery\/thumb\/Freibadfest_Neubeckum_2018_32_.jpg?bwg=1541339447\"                   alt=\"Freibadfest Neubeckum 2018 32 \"                   title=\"Freibadfest Neubeckum 2018 32 \" \/>            <\/div>            <div class=\"\">                                                      <\/div>          <\/div>        <\/div>                        <\/a>              <\/div>            <div class=\"bwg-item\">        <a class=\"bwg-a  bwg_lightbox\"  data-image-id=\"1177\" href=\"http:\/\/www.freibad-neubeckum.de\/wp\/wp-content\/uploads\/photo-gallery\/Freibadfest_Neubeckum_2018_35_.jpg?bwg=1541339447\" data-elementor-open-lightbox=\"no\">                <div class=\"bwg-item0 \">          <div class=\"bwg-item1 \">            <div class=\"bwg-item2\">              <img decoding=\"async\" class=\"skip-lazy bwg_standart_thumb_img_0 \"                   data-id=\"1177\"                   data-width=\"\"                   data-height=\"\"                   data-src=\"http:\/\/www.freibad-neubeckum.de\/wp\/wp-content\/uploads\/photo-gallery\/thumb\/Freibadfest_Neubeckum_2018_35_.jpg?bwg=1541339447\"                   src=\"http:\/\/www.freibad-neubeckum.de\/wp\/wp-content\/uploads\/photo-gallery\/thumb\/Freibadfest_Neubeckum_2018_35_.jpg?bwg=1541339447\"                   alt=\"Freibadfest Neubeckum 2018 35 \"                   title=\"Freibadfest Neubeckum 2018 35 \" \/>            <\/div>            <div class=\"\">                                                      <\/div>          <\/div>        <\/div>                        <\/a>              <\/div>            <div class=\"bwg-item\">        <a class=\"bwg-a  bwg_lightbox\"  data-image-id=\"1176\" href=\"http:\/\/www.freibad-neubeckum.de\/wp\/wp-content\/uploads\/photo-gallery\/Freibadfest_Neubeckum_2018_36_.jpg?bwg=1541339447\" data-elementor-open-lightbox=\"no\">                <div class=\"bwg-item0 \">          <div class=\"bwg-item1 \">            <div class=\"bwg-item2\">              <img decoding=\"async\" class=\"skip-lazy bwg_standart_thumb_img_0 \"                   data-id=\"1176\"                   data-width=\"\"                   data-height=\"\"                   data-src=\"http:\/\/www.freibad-neubeckum.de\/wp\/wp-content\/uploads\/photo-gallery\/thumb\/Freibadfest_Neubeckum_2018_36_.jpg?bwg=1541339447\"                   src=\"http:\/\/www.freibad-neubeckum.de\/wp\/wp-content\/uploads\/photo-gallery\/thumb\/Freibadfest_Neubeckum_2018_36_.jpg?bwg=1541339447\"                   alt=\"Freibadfest Neubeckum 2018 36 \"                   title=\"Freibadfest Neubeckum 2018 36 \" \/>            <\/div>            <div class=\"\">                                                      <\/div>          <\/div>        <\/div>                        <\/a>              <\/div>            <div class=\"bwg-item\">        <a class=\"bwg-a  bwg_lightbox\"  data-image-id=\"1175\" href=\"http:\/\/www.freibad-neubeckum.de\/wp\/wp-content\/uploads\/photo-gallery\/Freibadfest_Neubeckum_2018_37_.jpg?bwg=1541339447\" data-elementor-open-lightbox=\"no\">                <div class=\"bwg-item0 \">          <div class=\"bwg-item1 \">            <div class=\"bwg-item2\">              <img decoding=\"async\" class=\"skip-lazy bwg_standart_thumb_img_0 \"                   data-id=\"1175\"                   data-width=\"\"                   data-height=\"\"                   data-src=\"http:\/\/www.freibad-neubeckum.de\/wp\/wp-content\/uploads\/photo-gallery\/thumb\/Freibadfest_Neubeckum_2018_37_.jpg?bwg=1541339447\"                   src=\"http:\/\/www.freibad-neubeckum.de\/wp\/wp-content\/uploads\/photo-gallery\/thumb\/Freibadfest_Neubeckum_2018_37_.jpg?bwg=1541339447\"                   alt=\"Freibadfest Neubeckum 2018 37 \"                   title=\"Freibadfest Neubeckum 2018 37 \" \/>            <\/div>            <div class=\"\">                                                      <\/div>          <\/div>        <\/div>                        <\/a>              <\/div>            <div class=\"bwg-item\">        <a class=\"bwg-a  bwg_lightbox\"  data-image-id=\"1174\" href=\"http:\/\/www.freibad-neubeckum.de\/wp\/wp-content\/uploads\/photo-gallery\/Freibadfest_Neubeckum_2018_38_.jpg?bwg=1541339447\" data-elementor-open-lightbox=\"no\">                <div class=\"bwg-item0 \">          <div class=\"bwg-item1 \">            <div class=\"bwg-item2\">              <img decoding=\"async\" class=\"skip-lazy bwg_standart_thumb_img_0 \"                   data-id=\"1174\"                   data-width=\"\"                   data-height=\"\"                   data-src=\"http:\/\/www.freibad-neubeckum.de\/wp\/wp-content\/uploads\/photo-gallery\/thumb\/Freibadfest_Neubeckum_2018_38_.jpg?bwg=1541339447\"                   src=\"http:\/\/www.freibad-neubeckum.de\/wp\/wp-content\/uploads\/photo-gallery\/thumb\/Freibadfest_Neubeckum_2018_38_.jpg?bwg=1541339447\"                   alt=\"Freibadfest Neubeckum 2018 38 \"                   title=\"Freibadfest Neubeckum 2018 38 \" \/>            <\/div>            <div class=\"\">                                                      <\/div>          <\/div>        <\/div>                        <\/a>              <\/div>            <div class=\"bwg-item\">        <a class=\"bwg-a  bwg_lightbox\"  data-image-id=\"1173\" href=\"http:\/\/www.freibad-neubeckum.de\/wp\/wp-content\/uploads\/photo-gallery\/Freibadfest_Neubeckum_2018_40_.jpg?bwg=1541339447\" data-elementor-open-lightbox=\"no\">                <div class=\"bwg-item0 \">          <div class=\"bwg-item1 \">            <div class=\"bwg-item2\">              <img decoding=\"async\" class=\"skip-lazy bwg_standart_thumb_img_0 \"                   data-id=\"1173\"                   data-width=\"\"                   data-height=\"\"                   data-src=\"http:\/\/www.freibad-neubeckum.de\/wp\/wp-content\/uploads\/photo-gallery\/thumb\/Freibadfest_Neubeckum_2018_40_.jpg?bwg=1541339447\"                   src=\"http:\/\/www.freibad-neubeckum.de\/wp\/wp-content\/uploads\/photo-gallery\/thumb\/Freibadfest_Neubeckum_2018_40_.jpg?bwg=1541339447\"                   alt=\"Freibadfest Neubeckum 2018 40 \"                   title=\"Freibadfest Neubeckum 2018 40 \" \/>            <\/div>            <div class=\"\">                                                      <\/div>          <\/div>        <\/div>                        <\/a>              <\/div>            <div class=\"bwg-item\">        <a class=\"bwg-a  bwg_lightbox\"  data-image-id=\"1172\" href=\"http:\/\/www.freibad-neubeckum.de\/wp\/wp-content\/uploads\/photo-gallery\/Freibadfest_Neubeckum_2018_39_.jpg?bwg=1541339447\" data-elementor-open-lightbox=\"no\">                <div class=\"bwg-item0 \">          <div class=\"bwg-item1 \">            <div class=\"bwg-item2\">              <img decoding=\"async\" class=\"skip-lazy bwg_standart_thumb_img_0 \"                   data-id=\"1172\"                   data-width=\"\"                   data-height=\"\"                   data-src=\"http:\/\/www.freibad-neubeckum.de\/wp\/wp-content\/uploads\/photo-gallery\/thumb\/Freibadfest_Neubeckum_2018_39_.jpg?bwg=1541339447\"                   src=\"http:\/\/www.freibad-neubeckum.de\/wp\/wp-content\/uploads\/photo-gallery\/thumb\/Freibadfest_Neubeckum_2018_39_.jpg?bwg=1541339447\"                   alt=\"Freibadfest Neubeckum 2018 39 \"                   title=\"Freibadfest Neubeckum 2018 39 \" \/>            <\/div>            <div class=\"\">                                                      <\/div>          <\/div>        <\/div>                        <\/a>              <\/div>            <div class=\"bwg-item\">        <a class=\"bwg-a  bwg_lightbox\"  data-image-id=\"1171\" href=\"http:\/\/www.freibad-neubeckum.de\/wp\/wp-content\/uploads\/photo-gallery\/Freibadfest_Neubeckum_2018_1.jpg?bwg=1541339447\" data-elementor-open-lightbox=\"no\">                <div class=\"bwg-item0 \">          <div class=\"bwg-item1 \">            <div class=\"bwg-item2\">              <img decoding=\"async\" class=\"skip-lazy bwg_standart_thumb_img_0 \"                   data-id=\"1171\"                   data-width=\"\"                   data-height=\"\"                   data-src=\"http:\/\/www.freibad-neubeckum.de\/wp\/wp-content\/uploads\/photo-gallery\/thumb\/Freibadfest_Neubeckum_2018_1.jpg?bwg=1541339447\"                   src=\"http:\/\/www.freibad-neubeckum.de\/wp\/wp-content\/uploads\/photo-gallery\/thumb\/Freibadfest_Neubeckum_2018_1.jpg?bwg=1541339447\"                   alt=\"Freibadfest Neubeckum 2018 1\"                   title=\"Freibadfest Neubeckum 2018 1\" \/>            <\/div>            <div class=\"\">                                                      <\/div>          <\/div>        <\/div>                        <\/a>              <\/div>            <div class=\"bwg-item\">        <a class=\"bwg-a  bwg_lightbox\"  data-image-id=\"1170\" href=\"http:\/\/www.freibad-neubeckum.de\/wp\/wp-content\/uploads\/photo-gallery\/Freibadfest_Neubeckum_2018_2_b.jpg?bwg=1541339447\" data-elementor-open-lightbox=\"no\">                <div class=\"bwg-item0 \">          <div class=\"bwg-item1 \">            <div class=\"bwg-item2\">              <img decoding=\"async\" class=\"skip-lazy bwg_standart_thumb_img_0 \"                   data-id=\"1170\"                   data-width=\"\"                   data-height=\"\"                   data-src=\"http:\/\/www.freibad-neubeckum.de\/wp\/wp-content\/uploads\/photo-gallery\/thumb\/Freibadfest_Neubeckum_2018_2_b.jpg?bwg=1541339447\"                   src=\"http:\/\/www.freibad-neubeckum.de\/wp\/wp-content\/uploads\/photo-gallery\/thumb\/Freibadfest_Neubeckum_2018_2_b.jpg?bwg=1541339447\"                   alt=\"Freibadfest Neubeckum 2018 2 b\"                   title=\"Freibadfest Neubeckum 2018 2 b\" \/>            <\/div>            <div class=\"\">                                                      <\/div>          <\/div>        <\/div>                        <\/a>              <\/div>            <div class=\"bwg-item\">        <a class=\"bwg-a  bwg_lightbox\"  data-image-id=\"1169\" href=\"http:\/\/www.freibad-neubeckum.de\/wp\/wp-content\/uploads\/photo-gallery\/Freibadfest_Neubeckum_2018_2_a.jpg?bwg=1541339447\" data-elementor-open-lightbox=\"no\">                <div class=\"bwg-item0 \">          <div class=\"bwg-item1 \">            <div class=\"bwg-item2\">              <img decoding=\"async\" class=\"skip-lazy bwg_standart_thumb_img_0 \"                   data-id=\"1169\"                   data-width=\"\"                   data-height=\"\"                   data-src=\"http:\/\/www.freibad-neubeckum.de\/wp\/wp-content\/uploads\/photo-gallery\/thumb\/Freibadfest_Neubeckum_2018_2_a.jpg?bwg=1541339447\"                   src=\"http:\/\/www.freibad-neubeckum.de\/wp\/wp-content\/uploads\/photo-gallery\/thumb\/Freibadfest_Neubeckum_2018_2_a.jpg?bwg=1541339447\"                   alt=\"Freibadfest Neubeckum 2018 2 a\"                   title=\"Freibadfest Neubeckum 2018 2 a\" \/>            <\/div>            <div class=\"\">                                                      <\/div>          <\/div>        <\/div>                        <\/a>              <\/div>            <div class=\"bwg-item\">        <a class=\"bwg-a  bwg_lightbox\"  data-image-id=\"1168\" href=\"http:\/\/www.freibad-neubeckum.de\/wp\/wp-content\/uploads\/photo-gallery\/Freibadfest_Neubeckum_2018_2_.jpg?bwg=1541339447\" data-elementor-open-lightbox=\"no\">                <div class=\"bwg-item0 \">          <div class=\"bwg-item1 \">            <div class=\"bwg-item2\">              <img decoding=\"async\" class=\"skip-lazy bwg_standart_thumb_img_0 \"                   data-id=\"1168\"                   data-width=\"\"                   data-height=\"\"                   data-src=\"http:\/\/www.freibad-neubeckum.de\/wp\/wp-content\/uploads\/photo-gallery\/thumb\/Freibadfest_Neubeckum_2018_2_.jpg?bwg=1541339447\"                   src=\"http:\/\/www.freibad-neubeckum.de\/wp\/wp-content\/uploads\/photo-gallery\/thumb\/Freibadfest_Neubeckum_2018_2_.jpg?bwg=1541339447\"                   alt=\"Freibadfest Neubeckum 2018 2 \"                   title=\"Freibadfest Neubeckum 2018 2 \" \/>            <\/div>            <div class=\"\">                                                      <\/div>          <\/div>        <\/div>                        <\/a>              <\/div>            <div class=\"bwg-item\">        <a class=\"bwg-a  bwg_lightbox\"  data-image-id=\"1167\" href=\"http:\/\/www.freibad-neubeckum.de\/wp\/wp-content\/uploads\/photo-gallery\/Freibadfest_Neubeckum_2018_3_.jpg?bwg=1541339447\" data-elementor-open-lightbox=\"no\">                <div class=\"bwg-item0 \">          <div class=\"bwg-item1 \">            <div class=\"bwg-item2\">              <img decoding=\"async\" class=\"skip-lazy bwg_standart_thumb_img_0 \"                   data-id=\"1167\"                   data-width=\"\"                   data-height=\"\"                   data-src=\"http:\/\/www.freibad-neubeckum.de\/wp\/wp-content\/uploads\/photo-gallery\/thumb\/Freibadfest_Neubeckum_2018_3_.jpg?bwg=1541339447\"                   src=\"http:\/\/www.freibad-neubeckum.de\/wp\/wp-content\/uploads\/photo-gallery\/thumb\/Freibadfest_Neubeckum_2018_3_.jpg?bwg=1541339447\"                   alt=\"Freibadfest Neubeckum 2018 3 \"                   title=\"Freibadfest Neubeckum 2018 3 \" \/>            <\/div>            <div class=\"\">                                                      <\/div>          <\/div>        <\/div>                        <\/a>              <\/div>            <div class=\"bwg-item\">        <a class=\"bwg-a  bwg_lightbox\"  data-image-id=\"1166\" href=\"http:\/\/www.freibad-neubeckum.de\/wp\/wp-content\/uploads\/photo-gallery\/Freibadfest_Neubeckum_2018_4_.jpg?bwg=1541339447\" data-elementor-open-lightbox=\"no\">                <div class=\"bwg-item0 \">          <div class=\"bwg-item1 \">            <div class=\"bwg-item2\">              <img decoding=\"async\" class=\"skip-lazy bwg_standart_thumb_img_0 \"                   data-id=\"1166\"                   data-width=\"\"                   data-height=\"\"                   data-src=\"http:\/\/www.freibad-neubeckum.de\/wp\/wp-content\/uploads\/photo-gallery\/thumb\/Freibadfest_Neubeckum_2018_4_.jpg?bwg=1541339447\"                   src=\"http:\/\/www.freibad-neubeckum.de\/wp\/wp-content\/uploads\/photo-gallery\/thumb\/Freibadfest_Neubeckum_2018_4_.jpg?bwg=1541339447\"                   alt=\"Freibadfest Neubeckum 2018 4 \"                   title=\"Freibadfest Neubeckum 2018 4 \" \/>            <\/div>            <div class=\"\">                                                      <\/div>          <\/div>        <\/div>                        <\/a>              <\/div>            <div class=\"bwg-item\">        <a class=\"bwg-a  bwg_lightbox\"  data-image-id=\"1165\" href=\"http:\/\/www.freibad-neubeckum.de\/wp\/wp-content\/uploads\/photo-gallery\/Freibadfest_Neubeckum_2018_6_.jpg?bwg=1541339447\" data-elementor-open-lightbox=\"no\">                <div class=\"bwg-item0 \">          <div class=\"bwg-item1 \">            <div class=\"bwg-item2\">              <img decoding=\"async\" class=\"skip-lazy bwg_standart_thumb_img_0 \"                   data-id=\"1165\"                   data-width=\"\"                   data-height=\"\"                   data-src=\"http:\/\/www.freibad-neubeckum.de\/wp\/wp-content\/uploads\/photo-gallery\/thumb\/Freibadfest_Neubeckum_2018_6_.jpg?bwg=1541339447\"                   src=\"http:\/\/www.freibad-neubeckum.de\/wp\/wp-content\/uploads\/photo-gallery\/thumb\/Freibadfest_Neubeckum_2018_6_.jpg?bwg=1541339447\"                   alt=\"Freibadfest Neubeckum 2018 6 \"                   title=\"Freibadfest Neubeckum 2018 6 \" \/>            <\/div>            <div class=\"\">                                                      <\/div>          <\/div>        <\/div>                        <\/a>              <\/div>            <div class=\"bwg-item\">        <a class=\"bwg-a  bwg_lightbox\"  data-image-id=\"1164\" href=\"http:\/\/www.freibad-neubeckum.de\/wp\/wp-content\/uploads\/photo-gallery\/Freibadfest_Neubeckum_2018_5_.jpg?bwg=1541339447\" data-elementor-open-lightbox=\"no\">                <div class=\"bwg-item0 \">          <div class=\"bwg-item1 \">            <div class=\"bwg-item2\">              <img decoding=\"async\" class=\"skip-lazy bwg_standart_thumb_img_0 \"                   data-id=\"1164\"                   data-width=\"\"                   data-height=\"\"                   data-src=\"http:\/\/www.freibad-neubeckum.de\/wp\/wp-content\/uploads\/photo-gallery\/thumb\/Freibadfest_Neubeckum_2018_5_.jpg?bwg=1541339447\"                   src=\"http:\/\/www.freibad-neubeckum.de\/wp\/wp-content\/uploads\/photo-gallery\/thumb\/Freibadfest_Neubeckum_2018_5_.jpg?bwg=1541339447\"                   alt=\"Freibadfest Neubeckum 2018 5 \"                   title=\"Freibadfest Neubeckum 2018 5 \" \/>            <\/div>            <div class=\"\">                                                      <\/div>          <\/div>        <\/div>                        <\/a>              <\/div>            <div class=\"bwg-item\">        <a class=\"bwg-a  bwg_lightbox\"  data-image-id=\"1163\" href=\"http:\/\/www.freibad-neubeckum.de\/wp\/wp-content\/uploads\/photo-gallery\/Freibadfest_Neubeckum_2018_7_a.jpg?bwg=1541339447\" data-elementor-open-lightbox=\"no\">                <div class=\"bwg-item0 \">          <div class=\"bwg-item1 \">            <div class=\"bwg-item2\">              <img decoding=\"async\" class=\"skip-lazy bwg_standart_thumb_img_0 \"                   data-id=\"1163\"                   data-width=\"\"                   data-height=\"\"                   data-src=\"http:\/\/www.freibad-neubeckum.de\/wp\/wp-content\/uploads\/photo-gallery\/thumb\/Freibadfest_Neubeckum_2018_7_a.jpg?bwg=1541339447\"                   src=\"http:\/\/www.freibad-neubeckum.de\/wp\/wp-content\/uploads\/photo-gallery\/thumb\/Freibadfest_Neubeckum_2018_7_a.jpg?bwg=1541339447\"                   alt=\"Freibadfest Neubeckum 2018 7 a\"                   title=\"Freibadfest Neubeckum 2018 7 a\" \/>            <\/div>            <div class=\"\">                                                      <\/div>          <\/div>        <\/div>                        <\/a>              <\/div>            <div class=\"bwg-item\">        <a class=\"bwg-a  bwg_lightbox\"  data-image-id=\"1162\" href=\"http:\/\/www.freibad-neubeckum.de\/wp\/wp-content\/uploads\/photo-gallery\/Freibadfest_Neubeckum_2018_7_.jpg?bwg=1541339447\" data-elementor-open-lightbox=\"no\">                <div class=\"bwg-item0 \">          <div class=\"bwg-item1 \">            <div class=\"bwg-item2\">              <img decoding=\"async\" class=\"skip-lazy bwg_standart_thumb_img_0 \"                   data-id=\"1162\"                   data-width=\"\"                   data-height=\"\"                   data-src=\"http:\/\/www.freibad-neubeckum.de\/wp\/wp-content\/uploads\/photo-gallery\/thumb\/Freibadfest_Neubeckum_2018_7_.jpg?bwg=1541339447\"                   src=\"http:\/\/www.freibad-neubeckum.de\/wp\/wp-content\/uploads\/photo-gallery\/thumb\/Freibadfest_Neubeckum_2018_7_.jpg?bwg=1541339447\"                   alt=\"Freibadfest Neubeckum 2018 7 \"                   title=\"Freibadfest Neubeckum 2018 7 \" \/>            <\/div>            <div class=\"\">                                                      <\/div>          <\/div>        <\/div>                        <\/a>              <\/div>            <div class=\"bwg-item\">        <a class=\"bwg-a  bwg_lightbox\"  data-image-id=\"1161\" href=\"http:\/\/www.freibad-neubeckum.de\/wp\/wp-content\/uploads\/photo-gallery\/Freibadfest_Neubeckum_2018_5__a.jpg?bwg=1541339447\" data-elementor-open-lightbox=\"no\">                <div class=\"bwg-item0 \">          <div class=\"bwg-item1 \">            <div class=\"bwg-item2\">              <img decoding=\"async\" class=\"skip-lazy bwg_standart_thumb_img_0 \"                   data-id=\"1161\"                   data-width=\"\"                   data-height=\"\"                   data-src=\"http:\/\/www.freibad-neubeckum.de\/wp\/wp-content\/uploads\/photo-gallery\/thumb\/Freibadfest_Neubeckum_2018_5__a.jpg?bwg=1541339447\"                   src=\"http:\/\/www.freibad-neubeckum.de\/wp\/wp-content\/uploads\/photo-gallery\/thumb\/Freibadfest_Neubeckum_2018_5__a.jpg?bwg=1541339447\"                   alt=\"Freibadfest Neubeckum 2018 5  a\"                   title=\"Freibadfest Neubeckum 2018 5  a\" \/>            <\/div>            <div class=\"\">                                                      <\/div>          <\/div>        <\/div>                        <\/a>              <\/div>            <div class=\"bwg-item\">        <a class=\"bwg-a  bwg_lightbox\"  data-image-id=\"1160\" href=\"http:\/\/www.freibad-neubeckum.de\/wp\/wp-content\/uploads\/photo-gallery\/Freibadfest_Neubeckum_2018_8_.jpg?bwg=1541339447\" data-elementor-open-lightbox=\"no\">                <div class=\"bwg-item0 \">          <div class=\"bwg-item1 \">            <div class=\"bwg-item2\">              <img decoding=\"async\" class=\"skip-lazy bwg_standart_thumb_img_0 \"                   data-id=\"1160\"                   data-width=\"\"                   data-height=\"\"                   data-src=\"http:\/\/www.freibad-neubeckum.de\/wp\/wp-content\/uploads\/photo-gallery\/thumb\/Freibadfest_Neubeckum_2018_8_.jpg?bwg=1541339447\"                   src=\"http:\/\/www.freibad-neubeckum.de\/wp\/wp-content\/uploads\/photo-gallery\/thumb\/Freibadfest_Neubeckum_2018_8_.jpg?bwg=1541339447\"                   alt=\"Freibadfest Neubeckum 2018 8 \"                   title=\"Freibadfest Neubeckum 2018 8 \" \/>            <\/div>            <div class=\"\">                                                      <\/div>          <\/div>        <\/div>                        <\/a>              <\/div>          <\/div>    <style>      \/*pagination styles*\/      #bwg_container1_0 #bwg_container2_0 .tablenav-pages_0 {\t\t\t\ttext-align: center;\t\t\t\tfont-size: 12px;\t\t\t\tfont-family: segoe ui;\t\t\t\tfont-weight: bold;\t\t\t\tcolor: #666666;\t\t\t\tmargin: 6px 0 4px;\t\t\t\tdisplay: block;      }      @media only screen and (max-width : 320px) {      #bwg_container1_0 #bwg_container2_0 .displaying-num_0 {     \t display: none;      }      }      #bwg_container1_0 #bwg_container2_0 .displaying-num_0 {\t\t\t\tfont-size: 12px;\t\t\t\tfont-family: segoe ui;\t\t\t\tfont-weight: bold;\t\t\t\tcolor: #666666;\t\t\t\tmargin-right: 10px;\t\t\t\tvertical-align: middle;      }      #bwg_container1_0 #bwg_container2_0 .paging-input_0 {\t\t\t\tfont-size: 12px;\t\t\t\tfont-family: segoe ui;\t\t\t\tfont-weight: bold;\t\t\t\tcolor: #666666;\t\t\t\tvertical-align: middle;      }      #bwg_container1_0 #bwg_container2_0 .tablenav-pages_0 a.disabled,      #bwg_container1_0 #bwg_container2_0 .tablenav-pages_0 a.disabled:hover,      #bwg_container1_0 #bwg_container2_0 .tablenav-pages_0 a.disabled:focus,\t\t\t#bwg_container1_0 #bwg_container2_0 .tablenav-pages_0 input.bwg_current_page {\t\t\t\tcursor: default;\t\t\t\tcolor: rgba(102, 102, 102, 0.5);      }      #bwg_container1_0 #bwg_container2_0 .tablenav-pages_0 a,      #bwg_container1_0 #bwg_container2_0 .tablenav-pages_0 input.bwg_current_page {\t\t\t\tcursor: pointer;\t\t\t\ttext-align: center;\t\t\t\tfont-size: 12px;\t\t\t\tfont-family: segoe ui;\t\t\t\tfont-weight: bold;\t\t\t\tcolor: #666666;\t\t\t\ttext-decoration: none;\t\t\t\tpadding: 3px 6px;\t\t\t\tmargin: 0;\t\t\t\tborder-radius: 0;\t\t\t\tborder-style: solid;\t\t\t\tborder-width: 1px;\t\t\t\tborder-color: #E3E3E3;\t\t\t\t\t\t\t\tbackground-color: rgba(255, 255, 255, 1.00);\t\t\t\tbox-shadow: 0;\t\t\t\ttransition: all 0.3s ease 0s;-webkit-transition: all 0.3s ease 0s;      }      <\/style>      <span class=\"bwg_nav_cont_0\">              <div class=\"tablenav-pages_0\">                      <span class=\"pagination-links_0 pagination-links\" data-pages-count=\"2\">              <span class=\"pagination-links_col1\">              <a class=\"bwg-a first-page disabled\" title=\"Gehe zur ersten Seite\" >\u00ab<\/a>              <a class=\"bwg-a prev-page disabled\" title=\"Gehe zur vorherigen Seite\" >\u2039<\/a>              <\/span>\t\t\t\t\t\t\t<span class=\"pagination-links_col2\">\t\t\t\t\t\t\t\t\t<input type=\"number\" class=\"bwg_current_page\" name=\"bwg_current_page\" value=\"1\" data-url-info=\"page_number_0\" onkeypress=\"return bwg_change_page_0(event, this)\" min=\"1\" oninput=\"validity.valid||(value='')\" \/>\t\t\t\t\t\t\t\t\t\tvon\t\t\t\t\t\t\t\t\t\t<span class=\"total-pages_0\">\t\t\t\t\t\t\t\t\t\t\t2\t\t\t\t\t\t\t\t\t\t<\/span>\t\t\t\t\t\t\t<\/span>              <span class=\"pagination-links_col3\">                <a class=\"bwg-a next-page-0\" title=\"Gehe zur n\u00e4chsten Seite\" href=\"\/wp\/index.php?rest_route=%2Fwp%2Fv2%2Fposts%2F565&#038;page_number_0=2\">\u203a<\/a>                <a class=\"bwg-a last-page-0\" title=\"Gehe zur letzten Seite\" href=\"\/wp\/index.php?rest_route=%2Fwp%2Fv2%2Fposts%2F565&#038;page_number_0=2\">\u00bb<\/a>              <\/span>\t\t\t\t\t\t<\/span>\t\t\t\t\t\t        <\/div>                <input type=\"hidden\" id=\"page_number_0\" name=\"page_number_0\" value=\"1\" \/>      <script type=\"text\/javascript\">        if( jQuery('.bwg_nav_cont_0').length > 1 ) {          jQuery('.bwg_nav_cont_0').first().remove()        }        function spider_page_0(cur, x, y, load_more) {          if (typeof load_more == \"undefined\") {            var load_more = false;          }          if (jQuery(cur).hasClass('disabled')) {            return false;          }          var items_county_0 = 2;          switch (y) {            case 1:              if (x >= items_county_0) {                document.getElementById('page_number_0').value = items_county_0;              }              else {                document.getElementById('page_number_0').value = x + 1;              }              break;            case 2:              document.getElementById('page_number_0').value = items_county_0;              break;            case -1:              if (x == 1) {                document.getElementById('page_number_0').value = 1;              }              else {                document.getElementById('page_number_0').value = x - 1;              }              break;            case -2:              document.getElementById('page_number_0').value = 1;              break;\t\t\t\t\t\tcase 0:              document.getElementById('page_number_0').value = x;              break;            default:              document.getElementById('page_number_0').value = 1;          }          bwg_ajax('gal_front_form_0', '0', 'bwg_thumbnails_0', '0', '', 'gallery', 0, '', '', load_more, '', 1);        }                    jQuery('.first-page disabled').on('click', function () {              spider_page_0(this, 1, -2, 'numeric');              return false;            });            jQuery('.prev-page disabled').on('click', function () {              spider_page_0(this, 1, -1, 'numeric');              return false;            });            jQuery('.next-page-0').on('click', function () {              spider_page_0(this, 1, 1, 'numeric');              return false;            });            jQuery('.last-page-0').on('click', function () {              spider_page_0(this, 1, 2, 'numeric');              return false;            });        \t\t\t\t\/* Change page on input enter. *\/        function bwg_change_page_0( e, that ) {          if (  e.key == 'Enter' ) {            var to_page = parseInt(jQuery(that).val());            var pages_count = jQuery(that).parents(\".pagination-links\").data(\"pages-count\");            var current_url_param = jQuery(that).attr('data-url-info');            if (to_page > pages_count) {              to_page = 1;            }\t \t\t\t\t\t\t\t\t\t\t\t\tspider_page_0(this, to_page, 0, 'numeric');\t\t\t\t\t\t\treturn false;\t\t\t\t\t\t          }          return true;        }        jQuery('.bwg_load_btn_0').on('click', function () {            spider_page_0(this, 1, 1, true);            return false;        });      <\/script>      <\/span>                <\/div>        <\/form>        <style>          #bwg_container1_0 #bwg_container2_0 #spider_popup_overlay_0 {          background-color: #000000;          opacity: 0.70;          }          <\/style>        <div id=\"bwg_spider_popup_loading_0\" class=\"bwg_spider_popup_loading\"><\/div>        <div id=\"spider_popup_overlay_0\" class=\"spider_popup_overlay\" onclick=\"spider_destroypopup(1000)\"><\/div>        <input type=\"hidden\" id=\"bwg_random_seed_0\" value=\"344664415\">                <\/div>    <\/div>    <script>      if (document.readyState === 'complete') {        if( typeof bwg_main_ready == 'function' ) {          if ( jQuery(\"#bwg_container1_0\").height() ) {            bwg_main_ready(jQuery(\"#bwg_container1_0\"));          }        }      } else {        document.addEventListener('DOMContentLoaded', function() {          if( typeof bwg_main_ready == 'function' ) {            if ( jQuery(\"#bwg_container1_0\").height() ) {             bwg_main_ready(jQuery(\"#bwg_container1_0\"));            }          }        });      }    <\/script>    <\/p>\n","protected":false},"excerpt":{"rendered":"<p>Quelle: Die Glocke vom\u00a0 02.06.2018 | von Sigrid Himmel Neubeckum (himm). Sie haben alles richtig gemacht, die Neubeckumer B\u00fcrger, die vor 30 Jahren den F\u00f6rderverein Freibad Neubeckum gegr\u00fcndet haben, um die Schlie\u00dfung des Bads am Harberg zu verhindern. Denn an Fronleichnam vergn\u00fcgten sich rund 2400 G\u00e4ste zu Wasser und an Land, um das 30-j\u00e4hrige Bestehen des Vereins und ihr Schmuckk\u00e4stchen zu feiern. Dass das Bad jedes Jahr im Mai seine Pforten \u00f6ffnet, hat Neubeckum in erster Linie Theo Thiemann zu&#8230;<\/p>\n<p class=\"read-more\"><a class=\"btn btn-default\" href=\"http:\/\/www.freibad-neubeckum.de\/wp\/?p=565\">Weiterlesen<span class=\"screen-reader-text\"> Weiterlesen<\/span><\/a><\/p>\n","protected":false},"author":1,"featured_media":0,"comment_status":"closed","ping_status":"open","sticky":false,"template":"","format":"standard","meta":{"footnotes":""},"categories":[1],"tags":[],"_links":{"self":[{"href":"http:\/\/www.freibad-neubeckum.de\/wp\/index.php?rest_route=\/wp\/v2\/posts\/565"}],"collection":[{"href":"http:\/\/www.freibad-neubeckum.de\/wp\/index.php?rest_route=\/wp\/v2\/posts"}],"about":[{"href":"http:\/\/www.freibad-neubeckum.de\/wp\/index.php?rest_route=\/wp\/v2\/types\/post"}],"author":[{"embeddable":true,"href":"http:\/\/www.freibad-neubeckum.de\/wp\/index.php?rest_route=\/wp\/v2\/users\/1"}],"replies":[{"embeddable":true,"href":"http:\/\/www.freibad-neubeckum.de\/wp\/index.php?rest_route=%2Fwp%2Fv2%2Fcomments&post=565"}],"version-history":[{"count":3,"href":"http:\/\/www.freibad-neubeckum.de\/wp\/index.php?rest_route=\/wp\/v2\/posts\/565\/revisions"}],"predecessor-version":[{"id":582,"href":"http:\/\/www.freibad-neubeckum.de\/wp\/index.php?rest_route=\/wp\/v2\/posts\/565\/revisions\/582"}],"wp:attachment":[{"href":"http:\/\/www.freibad-neubeckum.de\/wp\/index.php?rest_route=%2Fwp%2Fv2%2Fmedia&parent=565"}],"wp:term":[{"taxonomy":"category","embeddable":true,"href":"http:\/\/www.freibad-neubeckum.de\/wp\/index.php?rest_route=%2Fwp%2Fv2%2Fcategories&post=565"},{"taxonomy":"post_tag","embeddable":true,"href":"http:\/\/www.freibad-neubeckum.de\/wp\/index.php?rest_route=%2Fwp%2Fv2%2Ftags&post=565"}],"curies":[{"name":"wp","href":"https:\/\/api.w.org\/{rel}","templated":true}]}}