{"id":727,"date":"2020-06-14T16:41:35","date_gmt":"2020-06-14T14:41:35","guid":{"rendered":"http:\/\/www.freibad-neubeckum.de\/wp\/?p=727"},"modified":"2020-06-14T16:59:58","modified_gmt":"2020-06-14T14:59:58","slug":"gespraech-ueber-engagement-des-foerdervereins","status":"publish","type":"post","link":"http:\/\/www.freibad-neubeckum.de\/wp\/?p=727","title":{"rendered":"Gespr\u00e4ch \u00fcber Engagement des F\u00f6rdervereins"},"content":{"rendered":"\n<p><strong>Von Sigrid Himmel<\/strong><br>W\u00e4hrend&nbsp; seines Gespr\u00e4chsmarathons mit  Vertretern aus Vereinen und Verb\u00e4nden traf Michael Gerdhenrich am  Freitag &nbsp;mit Vorstandsmitgliedern des F\u00f6rdervereins Freibad Neubeckum  zusammen. In Begleitung von Ratsmitglied Sigrid Himmel (SPD) machte sich  der parteilose B\u00fcrgermeisterkandidat zun\u00e4chst ein Bild vom Badebetrieb  unter Corona-Bedingungen. Sein Lob galt den Badeg\u00e4sten f\u00fcr ihre  Disziplin w\u00e4hrend ihres Aufenthaltes im Sportbad.&nbsp; Beeindruckt zeigte  sich der in Neubeckum aufgewachsene Gerdhenrich von der Atmosph\u00e4re vor  Ort: \u201eEs ist wie fr\u00fcher. Das Neubeckumer Freibad bietet perfekte  M\u00f6glichkeiten f\u00fcr Sport-, Freizeit- sowie Familienaktivit\u00e4ten\u201c, stellte  Gerdhenrich fest. Der&nbsp; F\u00f6rderverein leiste seit Jahren eine  hervorragende Arbeit, die auch zur Steigerung der Attraktivit\u00e4t des  Standortes Neubeckum beitrage.&nbsp; Daran s\u00e4he man wie sehr den Neubeckumern  ihr Freibad am Herzen liege. Anhand eines Exkurses durch die  erfolgreiche Vereinsgeschichte&nbsp; untermauerte&nbsp; Mechthild B\u00fcrsmeier-Nauert  seinen Eindruck. Die Gesch\u00e4ftsf\u00fchrerin des Vereins unterrichte  Gerdhenrich gemeinsam mit dem Ersten Vorsitzenden Thomas Kleinekemper  sowie Schatzmeister Peter Kreft \u00fcber Zahlen, Daten und Fakten. Seit  1988&nbsp; habe der F\u00f6rderverein mehr als 300.000 Euro in das Freibad  investiert, erkl\u00e4rte Peter Kreft. Leuchtt\u00fcrme seien dabei die  Riesenrutsche, die neue Kinderrutsche, die Modernisierung des Beckens  f\u00fcr Kleinkinder und zuletzt die Matschanlage auf dem Spielplatz mit  Sonnensegel gewesen. Aber auch die j\u00e4hrliche Bepflanzung der Beete ginge  auf die Kappe des F\u00f6rdervereins. Gold wert sei der fr\u00fch geschlossene  Kooperationsvertrag mit der Stadt Beckum, der das&nbsp; erfolgreiche  Finanzierungskonzept f\u00fcr Gro\u00dfprojekte erst m\u00f6glich mache, betonte  B\u00fcrsmeier-Nauert. Der Verein&nbsp; verf\u00fcge zudem \u00fcber viele zuverl\u00e4ssige  Sponsoren, freute sich Thomas Kleinekemper mitteilen zu k\u00f6nnen.<\/p>\n\n\n\n<figure class=\"wp-block-image\"><img loading=\"lazy\" decoding=\"async\" width=\"1025\" height=\"683\" src=\"http:\/\/www.freibad-neubeckum.de\/wp\/wp-content\/uploads\/2020\/06\/Michael_Foerderverein_Freibad_Nneubeckum_1-1025x683.jpg\" alt=\"\" class=\"wp-image-728\" srcset=\"http:\/\/www.freibad-neubeckum.de\/wp\/wp-content\/uploads\/2020\/06\/Michael_Foerderverein_Freibad_Nneubeckum_1-1025x683.jpg 1025w, http:\/\/www.freibad-neubeckum.de\/wp\/wp-content\/uploads\/2020\/06\/Michael_Foerderverein_Freibad_Nneubeckum_1-150x100.jpg 150w, http:\/\/www.freibad-neubeckum.de\/wp\/wp-content\/uploads\/2020\/06\/Michael_Foerderverein_Freibad_Nneubeckum_1-300x200.jpg 300w, http:\/\/www.freibad-neubeckum.de\/wp\/wp-content\/uploads\/2020\/06\/Michael_Foerderverein_Freibad_Nneubeckum_1-768x512.jpg 768w, http:\/\/www.freibad-neubeckum.de\/wp\/wp-content\/uploads\/2020\/06\/Michael_Foerderverein_Freibad_Nneubeckum_1-405x270.jpg 405w, http:\/\/www.freibad-neubeckum.de\/wp\/wp-content\/uploads\/2020\/06\/Michael_Foerderverein_Freibad_Nneubeckum_1.jpg 1920w\" sizes=\"(max-width: 1025px) 100vw, 1025px\" \/><\/figure>\n\n\n\n<p>Bild: Ein intensives Gespr\u00e4ch \u00fcber die Arbeit des F\u00f6rdervereins sowie\n die Weiterentwicklung des Freibad Neubeckum, f\u00fchrten (v.l.)&nbsp; Erster \nVorsitzender Thomas Kleinekemper,&nbsp; Mechthild B\u00fcrsmeier-Nauert \n(Gesch\u00e4ftsf\u00fchrerin), Sigrid Himmel (SPD), B\u00fcrgermeisterkandidat Michael \nGerdhenrich&nbsp; und Peter Kreft (Schatzmeister)&nbsp; miteinander.<\/p>\n\n\n\n<figure class=\"wp-block-image\"><img loading=\"lazy\" decoding=\"async\" width=\"1024\" height=\"683\" src=\"http:\/\/www.freibad-neubeckum.de\/wp\/wp-content\/uploads\/2020\/06\/Michael_Foerderverein_Freibad_Nneubeckum_1-1.jpg\" alt=\"\" class=\"wp-image-734\" srcset=\"http:\/\/www.freibad-neubeckum.de\/wp\/wp-content\/uploads\/2020\/06\/Michael_Foerderverein_Freibad_Nneubeckum_1-1.jpg 1024w, http:\/\/www.freibad-neubeckum.de\/wp\/wp-content\/uploads\/2020\/06\/Michael_Foerderverein_Freibad_Nneubeckum_1-1-150x100.jpg 150w, http:\/\/www.freibad-neubeckum.de\/wp\/wp-content\/uploads\/2020\/06\/Michael_Foerderverein_Freibad_Nneubeckum_1-1-300x200.jpg 300w, http:\/\/www.freibad-neubeckum.de\/wp\/wp-content\/uploads\/2020\/06\/Michael_Foerderverein_Freibad_Nneubeckum_1-1-768x512.jpg 768w, http:\/\/www.freibad-neubeckum.de\/wp\/wp-content\/uploads\/2020\/06\/Michael_Foerderverein_Freibad_Nneubeckum_1-1-405x270.jpg 405w\" sizes=\"(max-width: 1024px) 100vw, 1024px\" \/><\/figure>\n\n\n\n<figure class=\"wp-block-image\"><img loading=\"lazy\" decoding=\"async\" width=\"1025\" height=\"683\" src=\"http:\/\/www.freibad-neubeckum.de\/wp\/wp-content\/uploads\/2020\/06\/Michael_Foerderverein_Freibad_Nneubeckum_4-1-1025x683.jpg\" alt=\"\" class=\"wp-image-735\" srcset=\"http:\/\/www.freibad-neubeckum.de\/wp\/wp-content\/uploads\/2020\/06\/Michael_Foerderverein_Freibad_Nneubeckum_4-1-1025x683.jpg 1025w, http:\/\/www.freibad-neubeckum.de\/wp\/wp-content\/uploads\/2020\/06\/Michael_Foerderverein_Freibad_Nneubeckum_4-1-150x100.jpg 150w, http:\/\/www.freibad-neubeckum.de\/wp\/wp-content\/uploads\/2020\/06\/Michael_Foerderverein_Freibad_Nneubeckum_4-1-300x200.jpg 300w, http:\/\/www.freibad-neubeckum.de\/wp\/wp-content\/uploads\/2020\/06\/Michael_Foerderverein_Freibad_Nneubeckum_4-1-768x512.jpg 768w, http:\/\/www.freibad-neubeckum.de\/wp\/wp-content\/uploads\/2020\/06\/Michael_Foerderverein_Freibad_Nneubeckum_4-1-405x270.jpg 405w, http:\/\/www.freibad-neubeckum.de\/wp\/wp-content\/uploads\/2020\/06\/Michael_Foerderverein_Freibad_Nneubeckum_4-1.jpg 1280w\" sizes=\"(max-width: 1025px) 100vw, 1025px\" \/><\/figure>\n\n\n\n<figure class=\"wp-block-image\"><img loading=\"lazy\" decoding=\"async\" width=\"1024\" height=\"683\" src=\"http:\/\/www.freibad-neubeckum.de\/wp\/wp-content\/uploads\/2020\/06\/Michael_Foerderverein_Freibad_Nneubeckum_5-1.jpg\" alt=\"\" class=\"wp-image-736\" srcset=\"http:\/\/www.freibad-neubeckum.de\/wp\/wp-content\/uploads\/2020\/06\/Michael_Foerderverein_Freibad_Nneubeckum_5-1.jpg 1024w, http:\/\/www.freibad-neubeckum.de\/wp\/wp-content\/uploads\/2020\/06\/Michael_Foerderverein_Freibad_Nneubeckum_5-1-150x100.jpg 150w, http:\/\/www.freibad-neubeckum.de\/wp\/wp-content\/uploads\/2020\/06\/Michael_Foerderverein_Freibad_Nneubeckum_5-1-300x200.jpg 300w, http:\/\/www.freibad-neubeckum.de\/wp\/wp-content\/uploads\/2020\/06\/Michael_Foerderverein_Freibad_Nneubeckum_5-1-768x512.jpg 768w, http:\/\/www.freibad-neubeckum.de\/wp\/wp-content\/uploads\/2020\/06\/Michael_Foerderverein_Freibad_Nneubeckum_5-1-405x270.jpg 405w\" sizes=\"(max-width: 1024px) 100vw, 1024px\" \/><\/figure>\n\n\n\n<figure class=\"wp-block-image\"><img loading=\"lazy\" decoding=\"async\" width=\"1024\" height=\"683\" src=\"http:\/\/www.freibad-neubeckum.de\/wp\/wp-content\/uploads\/2020\/06\/Michael_Foerderverein_Freibad_Nneubeckum_8.jpg\" alt=\"\" class=\"wp-image-737\" srcset=\"http:\/\/www.freibad-neubeckum.de\/wp\/wp-content\/uploads\/2020\/06\/Michael_Foerderverein_Freibad_Nneubeckum_8.jpg 1024w, http:\/\/www.freibad-neubeckum.de\/wp\/wp-content\/uploads\/2020\/06\/Michael_Foerderverein_Freibad_Nneubeckum_8-150x100.jpg 150w, http:\/\/www.freibad-neubeckum.de\/wp\/wp-content\/uploads\/2020\/06\/Michael_Foerderverein_Freibad_Nneubeckum_8-300x200.jpg 300w, http:\/\/www.freibad-neubeckum.de\/wp\/wp-content\/uploads\/2020\/06\/Michael_Foerderverein_Freibad_Nneubeckum_8-768x512.jpg 768w, http:\/\/www.freibad-neubeckum.de\/wp\/wp-content\/uploads\/2020\/06\/Michael_Foerderverein_Freibad_Nneubeckum_8-405x270.jpg 405w\" sizes=\"(max-width: 1024px) 100vw, 1024px\" \/><\/figure>\n","protected":false},"excerpt":{"rendered":"<p>Von Sigrid HimmelW\u00e4hrend&nbsp; seines Gespr\u00e4chsmarathons mit Vertretern aus Vereinen und Verb\u00e4nden traf Michael Gerdhenrich am Freitag &nbsp;mit Vorstandsmitgliedern des F\u00f6rdervereins Freibad Neubeckum zusammen. In Begleitung von Ratsmitglied Sigrid Himmel (SPD) machte sich der parteilose B\u00fcrgermeisterkandidat zun\u00e4chst ein Bild vom Badebetrieb unter Corona-Bedingungen. Sein Lob galt den Badeg\u00e4sten f\u00fcr ihre Disziplin w\u00e4hrend ihres Aufenthaltes im Sportbad.&nbsp; Beeindruckt zeigte sich der in Neubeckum aufgewachsene Gerdhenrich von der Atmosph\u00e4re vor Ort: \u201eEs ist wie fr\u00fcher. Das Neubeckumer Freibad bietet perfekte M\u00f6glichkeiten f\u00fcr Sport-,&#8230;<\/p>\n<p class=\"read-more\"><a class=\"btn btn-default\" href=\"http:\/\/www.freibad-neubeckum.de\/wp\/?p=727\">Weiterlesen<span class=\"screen-reader-text\"> Weiterlesen<\/span><\/a><\/p>\n","protected":false},"author":1,"featured_media":0,"comment_status":"closed","ping_status":"open","sticky":false,"template":"","format":"standard","meta":{"footnotes":""},"categories":[1],"tags":[],"_links":{"self":[{"href":"http:\/\/www.freibad-neubeckum.de\/wp\/index.php?rest_route=\/wp\/v2\/posts\/727"}],"collection":[{"href":"http:\/\/www.freibad-neubeckum.de\/wp\/index.php?rest_route=\/wp\/v2\/posts"}],"about":[{"href":"http:\/\/www.freibad-neubeckum.de\/wp\/index.php?rest_route=\/wp\/v2\/types\/post"}],"author":[{"embeddable":true,"href":"http:\/\/www.freibad-neubeckum.de\/wp\/index.php?rest_route=\/wp\/v2\/users\/1"}],"replies":[{"embeddable":true,"href":"http:\/\/www.freibad-neubeckum.de\/wp\/index.php?rest_route=%2Fwp%2Fv2%2Fcomments&post=727"}],"version-history":[{"count":3,"href":"http:\/\/www.freibad-neubeckum.de\/wp\/index.php?rest_route=\/wp\/v2\/posts\/727\/revisions"}],"predecessor-version":[{"id":738,"href":"http:\/\/www.freibad-neubeckum.de\/wp\/index.php?rest_route=\/wp\/v2\/posts\/727\/revisions\/738"}],"wp:attachment":[{"href":"http:\/\/www.freibad-neubeckum.de\/wp\/index.php?rest_route=%2Fwp%2Fv2%2Fmedia&parent=727"}],"wp:term":[{"taxonomy":"category","embeddable":true,"href":"http:\/\/www.freibad-neubeckum.de\/wp\/index.php?rest_route=%2Fwp%2Fv2%2Fcategories&post=727"},{"taxonomy":"post_tag","embeddable":true,"href":"http:\/\/www.freibad-neubeckum.de\/wp\/index.php?rest_route=%2Fwp%2Fv2%2Ftags&post=727"}],"curies":[{"name":"wp","href":"https:\/\/api.w.org\/{rel}","templated":true}]}}